{"id":1149,"date":"2015-06-02T20:46:38","date_gmt":"2015-06-02T19:46:38","guid":{"rendered":"https:\/\/expo98.dev2.shareit.dev\/pavilhao-conhecimento-dos-mares-2\/"},"modified":"2015-08-28T18:13:39","modified_gmt":"2015-08-28T17:13:39","slug":"knowledge-of-the-seas-pavilion","status":"publish","type":"post","link":"https:\/\/www.melialisboaoriente.com\/memorias-expo\/en\/knowledge-of-the-seas-pavilion\/","title":{"rendered":"Knowledge of the Seas Pavilion"},"content":{"rendered":"<p><strong>The knowledge of history and of innovation <\/strong><\/p>\n<p>From the process of discovering and appropriating the oceans \u2013 without forgetting the role played by Portuguese navigators \u2013 to adventures in the depths of the seas and exploration of its resources, this pavilion depicted the relationship between Man and the Ocean throughout history. Knowledge of the seas was divided into four sectors: ploughing the seas, focusing on impulsion, propulsion, manoeuvring\u2026; researching, analysing physical phenomena; diving, with the evolution of underwater submersion; and exploration, displaying the wealth and potential of the ocean.<\/p>\n<p>Once Expo\u201998 ended, the Pavilion remained on the path of knowledge, and is now focused on science. The Knowledge Pavilion \u2013 Living Science is an interactive museum, with experiments for all ages.<\/p>\n<p><strong>Fact file<\/strong><\/p>\n<ul>\n<li>Architect Jo\u00e3o Lu\u00eds Carrilho da Gra\u00e7a<\/li>\n<li>Exposition area 5,314 m2<\/li>\n<li>Visitors during Expo\u201998\u00a0 2,571,912<\/li>\n<\/ul>\n","protected":false},"excerpt":{"rendered":"<p>The knowledge of history and of innovation From the process of discovering and appropriating the oceans \u2013 without forgetting the role played by Portuguese...","protected":false},"author":2,"featured_media":715,"comment_status":"closed","ping_status":"closed","sticky":false,"template":"","format":"standard","meta":{"_eb_attr":"","footnotes":""},"categories":[38],"tags":[],"class_list":["post-1149","post","type-post","status-publish","format-standard","has-post-thumbnail","hentry","category-architecture"],"yoast_head":"<!-- This site is optimized with the Yoast SEO plugin v27.5 - https:\/\/yoast.com\/product\/yoast-seo-wordpress\/ -->\n<title>Knowledge of the Seas Pavilion - Memoria Expo 98<\/title>\n<meta name=\"robots\" content=\"index, follow, max-snippet:-1, max-image-preview:large, max-video-preview:-1\" \/>\n<link rel=\"canonical\" href=\"https:\/\/www.melialisboaoriente.com\/memorias-expo\/en\/knowledge-of-the-seas-pavilion\/\" \/>\n<meta property=\"og:locale\" content=\"en_US\" \/>\n<meta property=\"og:type\" content=\"article\" \/>\n<meta property=\"og:title\" content=\"Knowledge of the Seas Pavilion - Memoria Expo 98\" \/>\n<meta property=\"og:description\" content=\"The knowledge of history and of innovation From the process of discovering and appropriating the oceans \u2013 without forgetting the role played by Portuguese navigators \u2013 to adventures in the depths of the seas and exploration of its resources, this pavilion depicted the relationship between Man and the Ocean throughout history. Knowledge of the seas [&hellip;]\" \/>\n<meta property=\"og:url\" content=\"https:\/\/www.melialisboaoriente.com\/memorias-expo\/en\/knowledge-of-the-seas-pavilion\/\" \/>\n<meta property=\"og:site_name\" content=\"Memoria Expo 98\" \/>\n<meta property=\"article:publisher\" content=\"https:\/\/www.facebook.com\/TrypLisboaOriente\" \/>\n<meta property=\"article:published_time\" content=\"2015-06-02T19:46:38+00:00\" \/>\n<meta property=\"article:modified_time\" content=\"2015-08-28T17:13:39+00:00\" \/>\n<meta property=\"og:image\" content=\"https:\/\/www.melialisboaoriente.com\/memorias-expo\/wp-content\/uploads\/2015\/05\/Expo1370.jpg\" \/>\n\t<meta property=\"og:image:width\" content=\"1772\" \/>\n\t<meta property=\"og:image:height\" content=\"945\" \/>\n\t<meta property=\"og:image:type\" content=\"image\/jpeg\" \/>\n<meta name=\"author\" content=\"Hotel Meli\u00e1 Lisboa Oriente\" \/>\n<meta name=\"twitter:card\" content=\"summary_large_image\" \/>\n<meta name=\"twitter:label1\" content=\"Written by\" \/>\n\t<meta name=\"twitter:data1\" content=\"Hotel Meli\u00e1 Lisboa Oriente\" \/>\n\t<meta name=\"twitter:label2\" content=\"Est. reading time\" \/>\n\t<meta name=\"twitter:data2\" content=\"1 minute\" \/>\n<script type=\"application\/ld+json\" class=\"yoast-schema-graph\">{\"@context\":\"https:\\\/\\\/schema.org\",\"@graph\":[{\"@type\":\"Article\",\"@id\":\"https:\\\/\\\/www.melialisboaoriente.com\\\/memorias-expo\\\/en\\\/knowledge-of-the-seas-pavilion\\\/#article\",\"isPartOf\":{\"@id\":\"https:\\\/\\\/www.melialisboaoriente.com\\\/memorias-expo\\\/en\\\/knowledge-of-the-seas-pavilion\\\/\"},\"author\":{\"name\":\"Hotel Meli\u00e1 Lisboa Oriente\",\"@id\":\"https:\\\/\\\/www.melialisboaoriente.com\\\/memorias-expo\\\/#\\\/schema\\\/person\\\/331310b79ea1304eebee74e33f28c0ea\"},\"headline\":\"Knowledge of the Seas Pavilion\",\"datePublished\":\"2015-06-02T19:46:38+00:00\",\"dateModified\":\"2015-08-28T17:13:39+00:00\",\"mainEntityOfPage\":{\"@id\":\"https:\\\/\\\/www.melialisboaoriente.com\\\/memorias-expo\\\/en\\\/knowledge-of-the-seas-pavilion\\\/\"},\"wordCount\":140,\"publisher\":{\"@id\":\"https:\\\/\\\/www.melialisboaoriente.com\\\/memorias-expo\\\/#organization\"},\"image\":{\"@id\":\"https:\\\/\\\/www.melialisboaoriente.com\\\/memorias-expo\\\/en\\\/knowledge-of-the-seas-pavilion\\\/#primaryimage\"},\"thumbnailUrl\":\"https:\\\/\\\/www.melialisboaoriente.com\\\/memorias-expo\\\/wp-content\\\/uploads\\\/2015\\\/05\\\/Expo1370.jpg\",\"articleSection\":[\"Architecture\"],\"inLanguage\":\"en-US\"},{\"@type\":\"WebPage\",\"@id\":\"https:\\\/\\\/www.melialisboaoriente.com\\\/memorias-expo\\\/en\\\/knowledge-of-the-seas-pavilion\\\/\",\"url\":\"https:\\\/\\\/www.melialisboaoriente.com\\\/memorias-expo\\\/en\\\/knowledge-of-the-seas-pavilion\\\/\",\"name\":\"Knowledge of the Seas Pavilion - Memoria Expo 98\",\"isPartOf\":{\"@id\":\"https:\\\/\\\/www.melialisboaoriente.com\\\/memorias-expo\\\/#website\"},\"primaryImageOfPage\":{\"@id\":\"https:\\\/\\\/www.melialisboaoriente.com\\\/memorias-expo\\\/en\\\/knowledge-of-the-seas-pavilion\\\/#primaryimage\"},\"image\":{\"@id\":\"https:\\\/\\\/www.melialisboaoriente.com\\\/memorias-expo\\\/en\\\/knowledge-of-the-seas-pavilion\\\/#primaryimage\"},\"thumbnailUrl\":\"https:\\\/\\\/www.melialisboaoriente.com\\\/memorias-expo\\\/wp-content\\\/uploads\\\/2015\\\/05\\\/Expo1370.jpg\",\"datePublished\":\"2015-06-02T19:46:38+00:00\",\"dateModified\":\"2015-08-28T17:13:39+00:00\",\"breadcrumb\":{\"@id\":\"https:\\\/\\\/www.melialisboaoriente.com\\\/memorias-expo\\\/en\\\/knowledge-of-the-seas-pavilion\\\/#breadcrumb\"},\"inLanguage\":\"en-US\",\"potentialAction\":[{\"@type\":\"ReadAction\",\"target\":[\"https:\\\/\\\/www.melialisboaoriente.com\\\/memorias-expo\\\/en\\\/knowledge-of-the-seas-pavilion\\\/\"]}]},{\"@type\":\"ImageObject\",\"inLanguage\":\"en-US\",\"@id\":\"https:\\\/\\\/www.melialisboaoriente.com\\\/memorias-expo\\\/en\\\/knowledge-of-the-seas-pavilion\\\/#primaryimage\",\"url\":\"https:\\\/\\\/www.melialisboaoriente.com\\\/memorias-expo\\\/wp-content\\\/uploads\\\/2015\\\/05\\\/Expo1370.jpg\",\"contentUrl\":\"https:\\\/\\\/www.melialisboaoriente.com\\\/memorias-expo\\\/wp-content\\\/uploads\\\/2015\\\/05\\\/Expo1370.jpg\",\"width\":1772,\"height\":945},{\"@type\":\"BreadcrumbList\",\"@id\":\"https:\\\/\\\/www.melialisboaoriente.com\\\/memorias-expo\\\/en\\\/knowledge-of-the-seas-pavilion\\\/#breadcrumb\",\"itemListElement\":[{\"@type\":\"ListItem\",\"position\":1,\"name\":\"Home\",\"item\":\"https:\\\/\\\/www.melialisboaoriente.com\\\/memorias-expo\\\/en\\\/\"},{\"@type\":\"ListItem\",\"position\":2,\"name\":\"Knowledge of the Seas Pavilion\"}]},{\"@type\":\"WebSite\",\"@id\":\"https:\\\/\\\/www.melialisboaoriente.com\\\/memorias-expo\\\/#website\",\"url\":\"https:\\\/\\\/www.melialisboaoriente.com\\\/memorias-expo\\\/\",\"name\":\"Memoria Expo 98\",\"description\":\"by Tryp Lisboa Oriente\",\"publisher\":{\"@id\":\"https:\\\/\\\/www.melialisboaoriente.com\\\/memorias-expo\\\/#organization\"},\"potentialAction\":[{\"@type\":\"SearchAction\",\"target\":{\"@type\":\"EntryPoint\",\"urlTemplate\":\"https:\\\/\\\/www.melialisboaoriente.com\\\/memorias-expo\\\/?s={search_term_string}\"},\"query-input\":{\"@type\":\"PropertyValueSpecification\",\"valueRequired\":true,\"valueName\":\"search_term_string\"}}],\"inLanguage\":\"en-US\"},{\"@type\":\"Organization\",\"@id\":\"https:\\\/\\\/www.melialisboaoriente.com\\\/memorias-expo\\\/#organization\",\"name\":\"Memoria Expo 98\",\"url\":\"https:\\\/\\\/www.melialisboaoriente.com\\\/memorias-expo\\\/\",\"logo\":{\"@type\":\"ImageObject\",\"inLanguage\":\"en-US\",\"@id\":\"https:\\\/\\\/www.melialisboaoriente.com\\\/memorias-expo\\\/#\\\/schema\\\/logo\\\/image\\\/\",\"url\":\"https:\\\/\\\/www.melialisboaoriente.com\\\/memorias-expo\\\/wp-content\\\/uploads\\\/2023\\\/05\\\/logo_site_desktop_melia_lisboa_oriente.png\",\"contentUrl\":\"https:\\\/\\\/www.melialisboaoriente.com\\\/memorias-expo\\\/wp-content\\\/uploads\\\/2023\\\/05\\\/logo_site_desktop_melia_lisboa_oriente.png\",\"width\":193,\"height\":70,\"caption\":\"Memoria Expo 98\"},\"image\":{\"@id\":\"https:\\\/\\\/www.melialisboaoriente.com\\\/memorias-expo\\\/#\\\/schema\\\/logo\\\/image\\\/\"},\"sameAs\":[\"https:\\\/\\\/www.facebook.com\\\/TrypLisboaOriente\"]},{\"@type\":\"Person\",\"@id\":\"https:\\\/\\\/www.melialisboaoriente.com\\\/memorias-expo\\\/#\\\/schema\\\/person\\\/331310b79ea1304eebee74e33f28c0ea\",\"name\":\"Hotel Meli\u00e1 Lisboa Oriente\"}]}<\/script>\n<!-- \/ Yoast SEO plugin. -->","yoast_head_json":{"title":"Knowledge of the Seas Pavilion - Memoria Expo 98","robots":{"index":"index","follow":"follow","max-snippet":"max-snippet:-1","max-image-preview":"max-image-preview:large","max-video-preview":"max-video-preview:-1"},"canonical":"https:\/\/www.melialisboaoriente.com\/memorias-expo\/en\/knowledge-of-the-seas-pavilion\/","og_locale":"en_US","og_type":"article","og_title":"Knowledge of the Seas Pavilion - Memoria Expo 98","og_description":"The knowledge of history and of innovation From the process of discovering and appropriating the oceans \u2013 without forgetting the role played by Portuguese navigators \u2013 to adventures in the depths of the seas and exploration of its resources, this pavilion depicted the relationship between Man and the Ocean throughout history. Knowledge of the seas [&hellip;]","og_url":"https:\/\/www.melialisboaoriente.com\/memorias-expo\/en\/knowledge-of-the-seas-pavilion\/","og_site_name":"Memoria Expo 98","article_publisher":"https:\/\/www.facebook.com\/TrypLisboaOriente","article_published_time":"2015-06-02T19:46:38+00:00","article_modified_time":"2015-08-28T17:13:39+00:00","og_image":[{"width":1772,"height":945,"url":"https:\/\/www.melialisboaoriente.com\/memorias-expo\/wp-content\/uploads\/2015\/05\/Expo1370.jpg","type":"image\/jpeg"}],"author":"Hotel Meli\u00e1 Lisboa Oriente","twitter_card":"summary_large_image","twitter_misc":{"Written by":"Hotel Meli\u00e1 Lisboa Oriente","Est. reading time":"1 minute"},"schema":{"@context":"https:\/\/schema.org","@graph":[{"@type":"Article","@id":"https:\/\/www.melialisboaoriente.com\/memorias-expo\/en\/knowledge-of-the-seas-pavilion\/#article","isPartOf":{"@id":"https:\/\/www.melialisboaoriente.com\/memorias-expo\/en\/knowledge-of-the-seas-pavilion\/"},"author":{"name":"Hotel Meli\u00e1 Lisboa Oriente","@id":"https:\/\/www.melialisboaoriente.com\/memorias-expo\/#\/schema\/person\/331310b79ea1304eebee74e33f28c0ea"},"headline":"Knowledge of the Seas Pavilion","datePublished":"2015-06-02T19:46:38+00:00","dateModified":"2015-08-28T17:13:39+00:00","mainEntityOfPage":{"@id":"https:\/\/www.melialisboaoriente.com\/memorias-expo\/en\/knowledge-of-the-seas-pavilion\/"},"wordCount":140,"publisher":{"@id":"https:\/\/www.melialisboaoriente.com\/memorias-expo\/#organization"},"image":{"@id":"https:\/\/www.melialisboaoriente.com\/memorias-expo\/en\/knowledge-of-the-seas-pavilion\/#primaryimage"},"thumbnailUrl":"https:\/\/www.melialisboaoriente.com\/memorias-expo\/wp-content\/uploads\/2015\/05\/Expo1370.jpg","articleSection":["Architecture"],"inLanguage":"en-US"},{"@type":"WebPage","@id":"https:\/\/www.melialisboaoriente.com\/memorias-expo\/en\/knowledge-of-the-seas-pavilion\/","url":"https:\/\/www.melialisboaoriente.com\/memorias-expo\/en\/knowledge-of-the-seas-pavilion\/","name":"Knowledge of the Seas Pavilion - Memoria Expo 98","isPartOf":{"@id":"https:\/\/www.melialisboaoriente.com\/memorias-expo\/#website"},"primaryImageOfPage":{"@id":"https:\/\/www.melialisboaoriente.com\/memorias-expo\/en\/knowledge-of-the-seas-pavilion\/#primaryimage"},"image":{"@id":"https:\/\/www.melialisboaoriente.com\/memorias-expo\/en\/knowledge-of-the-seas-pavilion\/#primaryimage"},"thumbnailUrl":"https:\/\/www.melialisboaoriente.com\/memorias-expo\/wp-content\/uploads\/2015\/05\/Expo1370.jpg","datePublished":"2015-06-02T19:46:38+00:00","dateModified":"2015-08-28T17:13:39+00:00","breadcrumb":{"@id":"https:\/\/www.melialisboaoriente.com\/memorias-expo\/en\/knowledge-of-the-seas-pavilion\/#breadcrumb"},"inLanguage":"en-US","potentialAction":[{"@type":"ReadAction","target":["https:\/\/www.melialisboaoriente.com\/memorias-expo\/en\/knowledge-of-the-seas-pavilion\/"]}]},{"@type":"ImageObject","inLanguage":"en-US","@id":"https:\/\/www.melialisboaoriente.com\/memorias-expo\/en\/knowledge-of-the-seas-pavilion\/#primaryimage","url":"https:\/\/www.melialisboaoriente.com\/memorias-expo\/wp-content\/uploads\/2015\/05\/Expo1370.jpg","contentUrl":"https:\/\/www.melialisboaoriente.com\/memorias-expo\/wp-content\/uploads\/2015\/05\/Expo1370.jpg","width":1772,"height":945},{"@type":"BreadcrumbList","@id":"https:\/\/www.melialisboaoriente.com\/memorias-expo\/en\/knowledge-of-the-seas-pavilion\/#breadcrumb","itemListElement":[{"@type":"ListItem","position":1,"name":"Home","item":"https:\/\/www.melialisboaoriente.com\/memorias-expo\/en\/"},{"@type":"ListItem","position":2,"name":"Knowledge of the Seas Pavilion"}]},{"@type":"WebSite","@id":"https:\/\/www.melialisboaoriente.com\/memorias-expo\/#website","url":"https:\/\/www.melialisboaoriente.com\/memorias-expo\/","name":"Memoria Expo 98","description":"by Tryp Lisboa Oriente","publisher":{"@id":"https:\/\/www.melialisboaoriente.com\/memorias-expo\/#organization"},"potentialAction":[{"@type":"SearchAction","target":{"@type":"EntryPoint","urlTemplate":"https:\/\/www.melialisboaoriente.com\/memorias-expo\/?s={search_term_string}"},"query-input":{"@type":"PropertyValueSpecification","valueRequired":true,"valueName":"search_term_string"}}],"inLanguage":"en-US"},{"@type":"Organization","@id":"https:\/\/www.melialisboaoriente.com\/memorias-expo\/#organization","name":"Memoria Expo 98","url":"https:\/\/www.melialisboaoriente.com\/memorias-expo\/","logo":{"@type":"ImageObject","inLanguage":"en-US","@id":"https:\/\/www.melialisboaoriente.com\/memorias-expo\/#\/schema\/logo\/image\/","url":"https:\/\/www.melialisboaoriente.com\/memorias-expo\/wp-content\/uploads\/2023\/05\/logo_site_desktop_melia_lisboa_oriente.png","contentUrl":"https:\/\/www.melialisboaoriente.com\/memorias-expo\/wp-content\/uploads\/2023\/05\/logo_site_desktop_melia_lisboa_oriente.png","width":193,"height":70,"caption":"Memoria Expo 98"},"image":{"@id":"https:\/\/www.melialisboaoriente.com\/memorias-expo\/#\/schema\/logo\/image\/"},"sameAs":["https:\/\/www.facebook.com\/TrypLisboaOriente"]},{"@type":"Person","@id":"https:\/\/www.melialisboaoriente.com\/memorias-expo\/#\/schema\/person\/331310b79ea1304eebee74e33f28c0ea","name":"Hotel Meli\u00e1 Lisboa Oriente"}]}},"_links":{"self":[{"href":"https:\/\/www.melialisboaoriente.com\/memorias-expo\/en\/wp-json\/wp\/v2\/posts\/1149","targetHints":{"allow":["GET"]}}],"collection":[{"href":"https:\/\/www.melialisboaoriente.com\/memorias-expo\/en\/wp-json\/wp\/v2\/posts"}],"about":[{"href":"https:\/\/www.melialisboaoriente.com\/memorias-expo\/en\/wp-json\/wp\/v2\/types\/post"}],"author":[{"embeddable":true,"href":"https:\/\/www.melialisboaoriente.com\/memorias-expo\/en\/wp-json\/wp\/v2\/users\/2"}],"replies":[{"embeddable":true,"href":"https:\/\/www.melialisboaoriente.com\/memorias-expo\/en\/wp-json\/wp\/v2\/comments?post=1149"}],"version-history":[{"count":0,"href":"https:\/\/www.melialisboaoriente.com\/memorias-expo\/en\/wp-json\/wp\/v2\/posts\/1149\/revisions"}],"wp:featuredmedia":[{"embeddable":true,"href":"https:\/\/www.melialisboaoriente.com\/memorias-expo\/en\/wp-json\/wp\/v2\/media\/715"}],"wp:attachment":[{"href":"https:\/\/www.melialisboaoriente.com\/memorias-expo\/en\/wp-json\/wp\/v2\/media?parent=1149"}],"wp:term":[{"taxonomy":"category","embeddable":true,"href":"https:\/\/www.melialisboaoriente.com\/memorias-expo\/en\/wp-json\/wp\/v2\/categories?post=1149"},{"taxonomy":"post_tag","embeddable":true,"href":"https:\/\/www.melialisboaoriente.com\/memorias-expo\/en\/wp-json\/wp\/v2\/tags?post=1149"}],"curies":[{"name":"wp","href":"https:\/\/api.w.org\/{rel}","templated":true}]}}