{"id":655,"date":"2015-06-03T00:22:04","date_gmt":"2015-06-02T23:22:04","guid":{"rendered":"https:\/\/expo98.dev2.shareit.dev\/?p=655"},"modified":"2024-12-27T16:58:49","modified_gmt":"2024-12-27T16:58:49","slug":"a-ideia","status":"publish","type":"post","link":"https:\/\/www.melialisboaoriente.com\/memorias-expo\/a-ideia\/","title":{"rendered":"A ideia"},"content":{"rendered":"<p><strong>Dois amigos e um prato de bacalhau \u00e0 Br\u00e1s&nbsp; <\/strong><\/p>\n<p>Ant\u00f3nio Mega Ferreira, considerado o \u2018pai\u2019 da Expo\u201998, s\u00f3 n\u00e3o se recorda do dia. Corria o ano de 1989 e era quinta-feira, dia de bacalhau \u00e0 Br\u00e1s no m\u00edtico Martinho da Arcada, em Lisboa. Amigos de longa data, Mega Ferreira e Vasco Gra\u00e7a Moura, ent\u00e3o a trabalharem juntos na Comiss\u00e3o dos Descobrimentos, trocavam ideias entre garfadas. Comiss\u00e1rio de Portugal \u00e0 Expo de Sevilha, em 1992, Gra\u00e7a Moura lan\u00e7ou o desafio: &#8220;E se fiz\u00e9ssemos uma exposi\u00e7\u00e3o internacional?&#8221;. Mega Ferreira era apanhado de surpresa. \u201cH\u00e1 no regulamento do BIE (Bureau International des Expositions), lugar para uma exposi\u00e7\u00e3o, mais pequena do que a de Sevilha\u201d, apontou Gra\u00e7a Moura.<\/p>\n<p>Entusiasmados, os dois amigos deram voz aos pensamentos e tra\u00e7aram caminhos. Primeiro surgiu o tema \u201cEast meets West\u201d, um &#8220;Mercado do Oriente que seria uma reuni\u00e3o em Lisboa de tecnologias orientais com o know how ocidental. Rapidamente abandonaram essa ideia, ap\u00f3s estudarem o regulamento das exposi\u00e7\u00f5es universais. E avan\u00e7aram com o tema do mar e dos oceanos. Ainda nesse Ver\u00e3o apresentaram ao Governo o esbo\u00e7o da ideia.<\/p>\n","protected":false},"excerpt":{"rendered":"<p>Ant\u00f3nio Mega Ferreira, considerado o \u2018pai\u2019 da Expo\u201998, s\u00f3 n\u00e3o se recorda do dia. Corria o ano de 1989 e era quinta-feira, dia de bacalhau \u00e0...","protected":false},"author":2,"featured_media":1063,"comment_status":"closed","ping_status":"closed","sticky":false,"template":"","format":"gallery","meta":{"_eb_attr":"","footnotes":""},"categories":[12],"tags":[],"class_list":["post-655","post","type-post","status-publish","format-gallery","has-post-thumbnail","hentry","category-historia-expo98-pt-pt","post_format-post-format-gallery"],"yoast_head":"<!-- This site is optimized with the Yoast SEO plugin v27.5 - https:\/\/yoast.com\/product\/yoast-seo-wordpress\/ -->\n<title>A ideia - Memoria Expo 98<\/title>\n<meta name=\"description\" content=\"Mega Ferreira e Vasco Gra\u00e7a Moura, amigos de longa data, s\u00f3 n\u00e3o se recorda do dia em que tiveram a ideia entre garfadas no m\u00edtico Martinho da Arcada, Lx.\" \/>\n<meta name=\"robots\" content=\"index, follow, max-snippet:-1, max-image-preview:large, max-video-preview:-1\" \/>\n<link rel=\"canonical\" href=\"https:\/\/www.melialisboaoriente.com\/memorias-expo\/a-ideia\/\" \/>\n<meta property=\"og:locale\" content=\"pt_PT\" \/>\n<meta property=\"og:type\" content=\"article\" \/>\n<meta property=\"og:title\" content=\"A ideia da Expo98: &quot;E se fiz\u00e9ssemos uma exposi\u00e7\u00e3o internacional?&quot;\" \/>\n<meta property=\"og:description\" content=\"Ant\u00f3nio Mega Ferreira, considerado o \u2018pai\u2019 da Expo\u201998, s\u00f3 n\u00e3o se recorda do dia. Corria o ano de 1989 e era quinta-feira, dia de bacalhau \u00e0 Br\u00e1s no m\u00edtico Martinho da Arcada, em Lisboa. Amigos de longa data, Mega Ferreira e Vasco Gra\u00e7a Moura, ent\u00e3o a trabalharem juntos na Comiss\u00e3o dos Descobrimentos, trocavam ideias entre garfadas.\" \/>\n<meta property=\"og:url\" content=\"https:\/\/www.melialisboaoriente.com\/memorias-expo\/a-ideia\/\" \/>\n<meta property=\"og:site_name\" content=\"Memoria Expo 98\" \/>\n<meta property=\"article:publisher\" content=\"https:\/\/www.facebook.com\/TrypLisboaOriente\" \/>\n<meta property=\"article:published_time\" content=\"2015-06-02T23:22:04+00:00\" \/>\n<meta property=\"article:modified_time\" content=\"2024-12-27T16:58:49+00:00\" \/>\n<meta property=\"og:image\" content=\"https:\/\/www.melialisboaoriente.com\/memorias-expo\/wp-content\/uploads\/2015\/06\/Mega_Ferreira_Paulo_Cunha_Cr\u00e9ditos1-300x200.jpg\" \/>\n<meta name=\"author\" content=\"Hotel Meli\u00e1 Lisboa Oriente\" \/>\n<meta name=\"twitter:card\" content=\"summary_large_image\" \/>\n<meta name=\"twitter:title\" content=\"A ideia da Expo98: &quot;E se fiz\u00e9ssemos uma exposi\u00e7\u00e3o internacional?&quot;\" \/>\n<meta name=\"twitter:description\" content=\"Mega Ferreira e Vasco Gra\u00e7a Moura, amigos de longa data, s\u00f3 n\u00e3o se recorda do dia em que tiveram a ideia entre garfadas no m\u00edtico Martinho da Arcada, Lx.\" \/>\n<meta name=\"twitter:image\" content=\"https:\/\/www.melialisboaoriente.com\/memorias-expo\/wp-content\/uploads\/2015\/06\/Mega_Ferreira_Paulo_Cunha_Crditos1-300x200.jpg\" \/>\n<meta name=\"twitter:label1\" content=\"Escrito por\" \/>\n\t<meta name=\"twitter:data1\" content=\"Hotel Meli\u00e1 Lisboa Oriente\" \/>\n\t<meta name=\"twitter:label2\" content=\"Tempo estimado de leitura\" \/>\n\t<meta name=\"twitter:data2\" content=\"2 minutos\" \/>\n<script type=\"application\/ld+json\" class=\"yoast-schema-graph\">{\"@context\":\"https:\\\/\\\/schema.org\",\"@graph\":[{\"@type\":\"Article\",\"@id\":\"https:\\\/\\\/www.melialisboaoriente.com\\\/memorias-expo\\\/a-ideia\\\/#article\",\"isPartOf\":{\"@id\":\"https:\\\/\\\/www.melialisboaoriente.com\\\/memorias-expo\\\/a-ideia\\\/\"},\"author\":{\"name\":\"Hotel Meli\u00e1 Lisboa Oriente\",\"@id\":\"https:\\\/\\\/www.melialisboaoriente.com\\\/memorias-expo\\\/#\\\/schema\\\/person\\\/331310b79ea1304eebee74e33f28c0ea\"},\"headline\":\"A ideia\",\"datePublished\":\"2015-06-02T23:22:04+00:00\",\"dateModified\":\"2024-12-27T16:58:49+00:00\",\"mainEntityOfPage\":{\"@id\":\"https:\\\/\\\/www.melialisboaoriente.com\\\/memorias-expo\\\/a-ideia\\\/\"},\"wordCount\":201,\"publisher\":{\"@id\":\"https:\\\/\\\/www.melialisboaoriente.com\\\/memorias-expo\\\/#organization\"},\"image\":{\"@id\":\"https:\\\/\\\/www.melialisboaoriente.com\\\/memorias-expo\\\/a-ideia\\\/#primaryimage\"},\"thumbnailUrl\":\"https:\\\/\\\/www.melialisboaoriente.com\\\/memorias-expo\\\/wp-content\\\/uploads\\\/2015\\\/06\\\/Mega_Ferreira_Paulo_Cunha_Cr\u00e9ditos1.jpg\",\"articleSection\":[\"Hist\u00f3rias da Expo98\"],\"inLanguage\":\"pt-PT\"},{\"@type\":\"WebPage\",\"@id\":\"https:\\\/\\\/www.melialisboaoriente.com\\\/memorias-expo\\\/a-ideia\\\/\",\"url\":\"https:\\\/\\\/www.melialisboaoriente.com\\\/memorias-expo\\\/a-ideia\\\/\",\"name\":\"A ideia - Memoria Expo 98\",\"isPartOf\":{\"@id\":\"https:\\\/\\\/www.melialisboaoriente.com\\\/memorias-expo\\\/#website\"},\"primaryImageOfPage\":{\"@id\":\"https:\\\/\\\/www.melialisboaoriente.com\\\/memorias-expo\\\/a-ideia\\\/#primaryimage\"},\"image\":{\"@id\":\"https:\\\/\\\/www.melialisboaoriente.com\\\/memorias-expo\\\/a-ideia\\\/#primaryimage\"},\"thumbnailUrl\":\"https:\\\/\\\/www.melialisboaoriente.com\\\/memorias-expo\\\/wp-content\\\/uploads\\\/2015\\\/06\\\/Mega_Ferreira_Paulo_Cunha_Cr\u00e9ditos1.jpg\",\"datePublished\":\"2015-06-02T23:22:04+00:00\",\"dateModified\":\"2024-12-27T16:58:49+00:00\",\"description\":\"Mega Ferreira e Vasco Gra\u00e7a Moura, amigos de longa data, s\u00f3 n\u00e3o se recorda do dia em que tiveram a ideia entre garfadas no m\u00edtico Martinho da Arcada, Lx.\",\"breadcrumb\":{\"@id\":\"https:\\\/\\\/www.melialisboaoriente.com\\\/memorias-expo\\\/a-ideia\\\/#breadcrumb\"},\"inLanguage\":\"pt-PT\",\"potentialAction\":[{\"@type\":\"ReadAction\",\"target\":[\"https:\\\/\\\/www.melialisboaoriente.com\\\/memorias-expo\\\/a-ideia\\\/\"]}]},{\"@type\":\"ImageObject\",\"inLanguage\":\"pt-PT\",\"@id\":\"https:\\\/\\\/www.melialisboaoriente.com\\\/memorias-expo\\\/a-ideia\\\/#primaryimage\",\"url\":\"https:\\\/\\\/www.melialisboaoriente.com\\\/memorias-expo\\\/wp-content\\\/uploads\\\/2015\\\/06\\\/Mega_Ferreira_Paulo_Cunha_Cr\u00e9ditos1.jpg\",\"contentUrl\":\"https:\\\/\\\/www.melialisboaoriente.com\\\/memorias-expo\\\/wp-content\\\/uploads\\\/2015\\\/06\\\/Mega_Ferreira_Paulo_Cunha_Cr\u00e9ditos1.jpg\",\"width\":749,\"height\":500},{\"@type\":\"BreadcrumbList\",\"@id\":\"https:\\\/\\\/www.melialisboaoriente.com\\\/memorias-expo\\\/a-ideia\\\/#breadcrumb\",\"itemListElement\":[{\"@type\":\"ListItem\",\"position\":1,\"name\":\"Home\",\"item\":\"https:\\\/\\\/www.melialisboaoriente.com\\\/memorias-expo\\\/\"},{\"@type\":\"ListItem\",\"position\":2,\"name\":\"A ideia\"}]},{\"@type\":\"WebSite\",\"@id\":\"https:\\\/\\\/www.melialisboaoriente.com\\\/memorias-expo\\\/#website\",\"url\":\"https:\\\/\\\/www.melialisboaoriente.com\\\/memorias-expo\\\/\",\"name\":\"Memoria Expo 98\",\"description\":\"by Tryp Lisboa Oriente\",\"publisher\":{\"@id\":\"https:\\\/\\\/www.melialisboaoriente.com\\\/memorias-expo\\\/#organization\"},\"potentialAction\":[{\"@type\":\"SearchAction\",\"target\":{\"@type\":\"EntryPoint\",\"urlTemplate\":\"https:\\\/\\\/www.melialisboaoriente.com\\\/memorias-expo\\\/?s={search_term_string}\"},\"query-input\":{\"@type\":\"PropertyValueSpecification\",\"valueRequired\":true,\"valueName\":\"search_term_string\"}}],\"inLanguage\":\"pt-PT\"},{\"@type\":\"Organization\",\"@id\":\"https:\\\/\\\/www.melialisboaoriente.com\\\/memorias-expo\\\/#organization\",\"name\":\"Memoria Expo 98\",\"url\":\"https:\\\/\\\/www.melialisboaoriente.com\\\/memorias-expo\\\/\",\"logo\":{\"@type\":\"ImageObject\",\"inLanguage\":\"pt-PT\",\"@id\":\"https:\\\/\\\/www.melialisboaoriente.com\\\/memorias-expo\\\/#\\\/schema\\\/logo\\\/image\\\/\",\"url\":\"https:\\\/\\\/www.melialisboaoriente.com\\\/memorias-expo\\\/wp-content\\\/uploads\\\/2023\\\/05\\\/logo_site_desktop_melia_lisboa_oriente.png\",\"contentUrl\":\"https:\\\/\\\/www.melialisboaoriente.com\\\/memorias-expo\\\/wp-content\\\/uploads\\\/2023\\\/05\\\/logo_site_desktop_melia_lisboa_oriente.png\",\"width\":193,\"height\":70,\"caption\":\"Memoria Expo 98\"},\"image\":{\"@id\":\"https:\\\/\\\/www.melialisboaoriente.com\\\/memorias-expo\\\/#\\\/schema\\\/logo\\\/image\\\/\"},\"sameAs\":[\"https:\\\/\\\/www.facebook.com\\\/TrypLisboaOriente\"]},{\"@type\":\"Person\",\"@id\":\"https:\\\/\\\/www.melialisboaoriente.com\\\/memorias-expo\\\/#\\\/schema\\\/person\\\/331310b79ea1304eebee74e33f28c0ea\",\"name\":\"Hotel Meli\u00e1 Lisboa Oriente\"}]}<\/script>\n<!-- \/ Yoast SEO plugin. -->","yoast_head_json":{"title":"A ideia - Memoria Expo 98","description":"Mega Ferreira e Vasco Gra\u00e7a Moura, amigos de longa data, s\u00f3 n\u00e3o se recorda do dia em que tiveram a ideia entre garfadas no m\u00edtico Martinho da Arcada, Lx.","robots":{"index":"index","follow":"follow","max-snippet":"max-snippet:-1","max-image-preview":"max-image-preview:large","max-video-preview":"max-video-preview:-1"},"canonical":"https:\/\/www.melialisboaoriente.com\/memorias-expo\/a-ideia\/","og_locale":"pt_PT","og_type":"article","og_title":"A ideia da Expo98: \"E se fiz\u00e9ssemos uma exposi\u00e7\u00e3o internacional?\"","og_description":"Ant\u00f3nio Mega Ferreira, considerado o \u2018pai\u2019 da Expo\u201998, s\u00f3 n\u00e3o se recorda do dia. Corria o ano de 1989 e era quinta-feira, dia de bacalhau \u00e0 Br\u00e1s no m\u00edtico Martinho da Arcada, em Lisboa. Amigos de longa data, Mega Ferreira e Vasco Gra\u00e7a Moura, ent\u00e3o a trabalharem juntos na Comiss\u00e3o dos Descobrimentos, trocavam ideias entre garfadas.","og_url":"https:\/\/www.melialisboaoriente.com\/memorias-expo\/a-ideia\/","og_site_name":"Memoria Expo 98","article_publisher":"https:\/\/www.facebook.com\/TrypLisboaOriente","article_published_time":"2015-06-02T23:22:04+00:00","article_modified_time":"2024-12-27T16:58:49+00:00","og_image":[{"url":"https:\/\/www.melialisboaoriente.com\/memorias-expo\/wp-content\/uploads\/2015\/06\/Mega_Ferreira_Paulo_Cunha_Cr\u00e9ditos1-300x200.jpg","type":"","width":"","height":""}],"author":"Hotel Meli\u00e1 Lisboa Oriente","twitter_card":"summary_large_image","twitter_title":"A ideia da Expo98: \"E se fiz\u00e9ssemos uma exposi\u00e7\u00e3o internacional?\"","twitter_description":"Mega Ferreira e Vasco Gra\u00e7a Moura, amigos de longa data, s\u00f3 n\u00e3o se recorda do dia em que tiveram a ideia entre garfadas no m\u00edtico Martinho da Arcada, Lx.","twitter_image":"https:\/\/www.melialisboaoriente.com\/memorias-expo\/wp-content\/uploads\/2015\/06\/Mega_Ferreira_Paulo_Cunha_Crditos1-300x200.jpg","twitter_misc":{"Escrito por":"Hotel Meli\u00e1 Lisboa Oriente","Tempo estimado de leitura":"2 minutos"},"schema":{"@context":"https:\/\/schema.org","@graph":[{"@type":"Article","@id":"https:\/\/www.melialisboaoriente.com\/memorias-expo\/a-ideia\/#article","isPartOf":{"@id":"https:\/\/www.melialisboaoriente.com\/memorias-expo\/a-ideia\/"},"author":{"name":"Hotel Meli\u00e1 Lisboa Oriente","@id":"https:\/\/www.melialisboaoriente.com\/memorias-expo\/#\/schema\/person\/331310b79ea1304eebee74e33f28c0ea"},"headline":"A ideia","datePublished":"2015-06-02T23:22:04+00:00","dateModified":"2024-12-27T16:58:49+00:00","mainEntityOfPage":{"@id":"https:\/\/www.melialisboaoriente.com\/memorias-expo\/a-ideia\/"},"wordCount":201,"publisher":{"@id":"https:\/\/www.melialisboaoriente.com\/memorias-expo\/#organization"},"image":{"@id":"https:\/\/www.melialisboaoriente.com\/memorias-expo\/a-ideia\/#primaryimage"},"thumbnailUrl":"https:\/\/www.melialisboaoriente.com\/memorias-expo\/wp-content\/uploads\/2015\/06\/Mega_Ferreira_Paulo_Cunha_Cr\u00e9ditos1.jpg","articleSection":["Hist\u00f3rias da Expo98"],"inLanguage":"pt-PT"},{"@type":"WebPage","@id":"https:\/\/www.melialisboaoriente.com\/memorias-expo\/a-ideia\/","url":"https:\/\/www.melialisboaoriente.com\/memorias-expo\/a-ideia\/","name":"A ideia - Memoria Expo 98","isPartOf":{"@id":"https:\/\/www.melialisboaoriente.com\/memorias-expo\/#website"},"primaryImageOfPage":{"@id":"https:\/\/www.melialisboaoriente.com\/memorias-expo\/a-ideia\/#primaryimage"},"image":{"@id":"https:\/\/www.melialisboaoriente.com\/memorias-expo\/a-ideia\/#primaryimage"},"thumbnailUrl":"https:\/\/www.melialisboaoriente.com\/memorias-expo\/wp-content\/uploads\/2015\/06\/Mega_Ferreira_Paulo_Cunha_Cr\u00e9ditos1.jpg","datePublished":"2015-06-02T23:22:04+00:00","dateModified":"2024-12-27T16:58:49+00:00","description":"Mega Ferreira e Vasco Gra\u00e7a Moura, amigos de longa data, s\u00f3 n\u00e3o se recorda do dia em que tiveram a ideia entre garfadas no m\u00edtico Martinho da Arcada, Lx.","breadcrumb":{"@id":"https:\/\/www.melialisboaoriente.com\/memorias-expo\/a-ideia\/#breadcrumb"},"inLanguage":"pt-PT","potentialAction":[{"@type":"ReadAction","target":["https:\/\/www.melialisboaoriente.com\/memorias-expo\/a-ideia\/"]}]},{"@type":"ImageObject","inLanguage":"pt-PT","@id":"https:\/\/www.melialisboaoriente.com\/memorias-expo\/a-ideia\/#primaryimage","url":"https:\/\/www.melialisboaoriente.com\/memorias-expo\/wp-content\/uploads\/2015\/06\/Mega_Ferreira_Paulo_Cunha_Cr\u00e9ditos1.jpg","contentUrl":"https:\/\/www.melialisboaoriente.com\/memorias-expo\/wp-content\/uploads\/2015\/06\/Mega_Ferreira_Paulo_Cunha_Cr\u00e9ditos1.jpg","width":749,"height":500},{"@type":"BreadcrumbList","@id":"https:\/\/www.melialisboaoriente.com\/memorias-expo\/a-ideia\/#breadcrumb","itemListElement":[{"@type":"ListItem","position":1,"name":"Home","item":"https:\/\/www.melialisboaoriente.com\/memorias-expo\/"},{"@type":"ListItem","position":2,"name":"A ideia"}]},{"@type":"WebSite","@id":"https:\/\/www.melialisboaoriente.com\/memorias-expo\/#website","url":"https:\/\/www.melialisboaoriente.com\/memorias-expo\/","name":"Memoria Expo 98","description":"by Tryp Lisboa Oriente","publisher":{"@id":"https:\/\/www.melialisboaoriente.com\/memorias-expo\/#organization"},"potentialAction":[{"@type":"SearchAction","target":{"@type":"EntryPoint","urlTemplate":"https:\/\/www.melialisboaoriente.com\/memorias-expo\/?s={search_term_string}"},"query-input":{"@type":"PropertyValueSpecification","valueRequired":true,"valueName":"search_term_string"}}],"inLanguage":"pt-PT"},{"@type":"Organization","@id":"https:\/\/www.melialisboaoriente.com\/memorias-expo\/#organization","name":"Memoria Expo 98","url":"https:\/\/www.melialisboaoriente.com\/memorias-expo\/","logo":{"@type":"ImageObject","inLanguage":"pt-PT","@id":"https:\/\/www.melialisboaoriente.com\/memorias-expo\/#\/schema\/logo\/image\/","url":"https:\/\/www.melialisboaoriente.com\/memorias-expo\/wp-content\/uploads\/2023\/05\/logo_site_desktop_melia_lisboa_oriente.png","contentUrl":"https:\/\/www.melialisboaoriente.com\/memorias-expo\/wp-content\/uploads\/2023\/05\/logo_site_desktop_melia_lisboa_oriente.png","width":193,"height":70,"caption":"Memoria Expo 98"},"image":{"@id":"https:\/\/www.melialisboaoriente.com\/memorias-expo\/#\/schema\/logo\/image\/"},"sameAs":["https:\/\/www.facebook.com\/TrypLisboaOriente"]},{"@type":"Person","@id":"https:\/\/www.melialisboaoriente.com\/memorias-expo\/#\/schema\/person\/331310b79ea1304eebee74e33f28c0ea","name":"Hotel Meli\u00e1 Lisboa Oriente"}]}},"_links":{"self":[{"href":"https:\/\/www.melialisboaoriente.com\/memorias-expo\/wp-json\/wp\/v2\/posts\/655","targetHints":{"allow":["GET"]}}],"collection":[{"href":"https:\/\/www.melialisboaoriente.com\/memorias-expo\/wp-json\/wp\/v2\/posts"}],"about":[{"href":"https:\/\/www.melialisboaoriente.com\/memorias-expo\/wp-json\/wp\/v2\/types\/post"}],"author":[{"embeddable":true,"href":"https:\/\/www.melialisboaoriente.com\/memorias-expo\/wp-json\/wp\/v2\/users\/2"}],"replies":[{"embeddable":true,"href":"https:\/\/www.melialisboaoriente.com\/memorias-expo\/wp-json\/wp\/v2\/comments?post=655"}],"version-history":[{"count":4,"href":"https:\/\/www.melialisboaoriente.com\/memorias-expo\/wp-json\/wp\/v2\/posts\/655\/revisions"}],"predecessor-version":[{"id":1938,"href":"https:\/\/www.melialisboaoriente.com\/memorias-expo\/wp-json\/wp\/v2\/posts\/655\/revisions\/1938"}],"wp:featuredmedia":[{"embeddable":true,"href":"https:\/\/www.melialisboaoriente.com\/memorias-expo\/wp-json\/wp\/v2\/media\/1063"}],"wp:attachment":[{"href":"https:\/\/www.melialisboaoriente.com\/memorias-expo\/wp-json\/wp\/v2\/media?parent=655"}],"wp:term":[{"taxonomy":"category","embeddable":true,"href":"https:\/\/www.melialisboaoriente.com\/memorias-expo\/wp-json\/wp\/v2\/categories?post=655"},{"taxonomy":"post_tag","embeddable":true,"href":"https:\/\/www.melialisboaoriente.com\/memorias-expo\/wp-json\/wp\/v2\/tags?post=655"}],"curies":[{"name":"wp","href":"https:\/\/api.w.org\/{rel}","templated":true}]}}