{"id":775,"date":"2015-05-27T23:16:40","date_gmt":"2015-05-27T22:16:40","guid":{"rendered":"https:\/\/expo98.dev2.shareit.dev\/?p=775"},"modified":"2024-12-27T17:03:59","modified_gmt":"2024-12-27T17:03:59","slug":"inquerito","status":"publish","type":"post","link":"https:\/\/www.melialisboaoriente.com\/memorias-expo\/inquerito\/","title":{"rendered":"Inqu\u00e9rito"},"content":{"rendered":"<p>No final da Exposi\u00e7\u00e3o, o seman\u00e1rio <em>Expresso<\/em> revelou os dados de um inqu\u00e9rito aos portugueses sobre a Expo\u201998:<\/p>\n<p>&nbsp;<\/p>\n<p>51,3% visitaram a Expo<\/p>\n<p>Pavilh\u00f5es mais apreciados: Utopia (47,2%), Ocean\u00e1rio (40%) e do Futuro (35,5%)<\/p>\n<p>89,7% avaliaram a Expo\u201998 como muito boa<\/p>\n<p>Apenas 22,8% gostariam de viver no antigo recinto da Exposi\u00e7\u00e3o<\/p>\n<p>&nbsp;<\/p>\n<p>&nbsp;<\/p>\n","protected":false},"excerpt":{"rendered":"<p>No final da Exposi\u00e7\u00e3o, o seman\u00e1rio Expresso revelou os dados de um inqu\u00e9rito aos portugueses sobre a Expo\u201998: &nbsp; 51,3% visitaram a Expo Pavilh\u00f5es...","protected":false},"author":2,"featured_media":1050,"comment_status":"closed","ping_status":"closed","sticky":false,"template":"","format":"standard","meta":{"_eb_attr":"","footnotes":""},"categories":[16],"tags":[],"class_list":["post-775","post","type-post","status-publish","format-standard","has-post-thumbnail","hentry","category-curiosidades"],"yoast_head":"<!-- This site is optimized with the Yoast SEO plugin v27.5 - https:\/\/yoast.com\/product\/yoast-seo-wordpress\/ -->\n<title>Inqu\u00e9rito - Memoria Expo 98<\/title>\n<meta name=\"robots\" content=\"index, follow, max-snippet:-1, max-image-preview:large, max-video-preview:-1\" \/>\n<link rel=\"canonical\" href=\"https:\/\/www.melialisboaoriente.com\/memorias-expo\/inquerito\/\" \/>\n<meta property=\"og:locale\" content=\"pt_PT\" \/>\n<meta property=\"og:type\" content=\"article\" \/>\n<meta property=\"og:title\" content=\"Inqu\u00e9rito - Memoria Expo 98\" \/>\n<meta property=\"og:description\" content=\"No final da Exposi\u00e7\u00e3o, o seman\u00e1rio Expresso revelou os dados de um inqu\u00e9rito aos portugueses sobre a Expo\u201998: &nbsp; 51,3% visitaram a Expo Pavilh\u00f5es mais apreciados: Utopia (47,2%), Ocean\u00e1rio (40%) e do Futuro (35,5%) 89,7% avaliaram a Expo\u201998 como muito boa Apenas 22,8% gostariam de viver no antigo recinto da Exposi\u00e7\u00e3o &nbsp; &nbsp;\" \/>\n<meta property=\"og:url\" content=\"https:\/\/www.melialisboaoriente.com\/memorias-expo\/inquerito\/\" \/>\n<meta property=\"og:site_name\" content=\"Memoria Expo 98\" \/>\n<meta property=\"article:publisher\" content=\"https:\/\/www.facebook.com\/TrypLisboaOriente\" \/>\n<meta property=\"article:published_time\" content=\"2015-05-27T22:16:40+00:00\" \/>\n<meta property=\"article:modified_time\" content=\"2024-12-27T17:03:59+00:00\" \/>\n<meta property=\"og:image\" content=\"https:\/\/www.melialisboaoriente.com\/memorias-expo\/wp-content\/uploads\/2015\/05\/inquerito_composicao.jpg\" \/>\n\t<meta property=\"og:image:width\" content=\"750\" \/>\n\t<meta property=\"og:image:height\" content=\"423\" \/>\n\t<meta property=\"og:image:type\" content=\"image\/jpeg\" \/>\n<meta name=\"author\" content=\"Hotel Meli\u00e1 Lisboa Oriente\" \/>\n<meta name=\"twitter:card\" content=\"summary_large_image\" \/>\n<meta name=\"twitter:label1\" content=\"Escrito por\" \/>\n\t<meta name=\"twitter:data1\" content=\"Hotel Meli\u00e1 Lisboa Oriente\" \/>\n\t<meta name=\"twitter:label2\" content=\"Tempo estimado de leitura\" \/>\n\t<meta name=\"twitter:data2\" content=\"1 minuto\" \/>\n<script type=\"application\/ld+json\" class=\"yoast-schema-graph\">{\"@context\":\"https:\\\/\\\/schema.org\",\"@graph\":[{\"@type\":\"Article\",\"@id\":\"https:\\\/\\\/www.melialisboaoriente.com\\\/memorias-expo\\\/inquerito\\\/#article\",\"isPartOf\":{\"@id\":\"https:\\\/\\\/www.melialisboaoriente.com\\\/memorias-expo\\\/inquerito\\\/\"},\"author\":{\"name\":\"Hotel Meli\u00e1 Lisboa Oriente\",\"@id\":\"https:\\\/\\\/www.melialisboaoriente.com\\\/memorias-expo\\\/#\\\/schema\\\/person\\\/331310b79ea1304eebee74e33f28c0ea\"},\"headline\":\"Inqu\u00e9rito\",\"datePublished\":\"2015-05-27T22:16:40+00:00\",\"dateModified\":\"2024-12-27T17:03:59+00:00\",\"mainEntityOfPage\":{\"@id\":\"https:\\\/\\\/www.melialisboaoriente.com\\\/memorias-expo\\\/inquerito\\\/\"},\"wordCount\":55,\"publisher\":{\"@id\":\"https:\\\/\\\/www.melialisboaoriente.com\\\/memorias-expo\\\/#organization\"},\"image\":{\"@id\":\"https:\\\/\\\/www.melialisboaoriente.com\\\/memorias-expo\\\/inquerito\\\/#primaryimage\"},\"thumbnailUrl\":\"https:\\\/\\\/www.melialisboaoriente.com\\\/memorias-expo\\\/wp-content\\\/uploads\\\/2015\\\/05\\\/inquerito_composicao.jpg\",\"articleSection\":[\"Curiosidades\"],\"inLanguage\":\"pt-PT\"},{\"@type\":\"WebPage\",\"@id\":\"https:\\\/\\\/www.melialisboaoriente.com\\\/memorias-expo\\\/inquerito\\\/\",\"url\":\"https:\\\/\\\/www.melialisboaoriente.com\\\/memorias-expo\\\/inquerito\\\/\",\"name\":\"Inqu\u00e9rito - Memoria Expo 98\",\"isPartOf\":{\"@id\":\"https:\\\/\\\/www.melialisboaoriente.com\\\/memorias-expo\\\/#website\"},\"primaryImageOfPage\":{\"@id\":\"https:\\\/\\\/www.melialisboaoriente.com\\\/memorias-expo\\\/inquerito\\\/#primaryimage\"},\"image\":{\"@id\":\"https:\\\/\\\/www.melialisboaoriente.com\\\/memorias-expo\\\/inquerito\\\/#primaryimage\"},\"thumbnailUrl\":\"https:\\\/\\\/www.melialisboaoriente.com\\\/memorias-expo\\\/wp-content\\\/uploads\\\/2015\\\/05\\\/inquerito_composicao.jpg\",\"datePublished\":\"2015-05-27T22:16:40+00:00\",\"dateModified\":\"2024-12-27T17:03:59+00:00\",\"breadcrumb\":{\"@id\":\"https:\\\/\\\/www.melialisboaoriente.com\\\/memorias-expo\\\/inquerito\\\/#breadcrumb\"},\"inLanguage\":\"pt-PT\",\"potentialAction\":[{\"@type\":\"ReadAction\",\"target\":[\"https:\\\/\\\/www.melialisboaoriente.com\\\/memorias-expo\\\/inquerito\\\/\"]}]},{\"@type\":\"ImageObject\",\"inLanguage\":\"pt-PT\",\"@id\":\"https:\\\/\\\/www.melialisboaoriente.com\\\/memorias-expo\\\/inquerito\\\/#primaryimage\",\"url\":\"https:\\\/\\\/www.melialisboaoriente.com\\\/memorias-expo\\\/wp-content\\\/uploads\\\/2015\\\/05\\\/inquerito_composicao.jpg\",\"contentUrl\":\"https:\\\/\\\/www.melialisboaoriente.com\\\/memorias-expo\\\/wp-content\\\/uploads\\\/2015\\\/05\\\/inquerito_composicao.jpg\",\"width\":750,\"height\":423},{\"@type\":\"BreadcrumbList\",\"@id\":\"https:\\\/\\\/www.melialisboaoriente.com\\\/memorias-expo\\\/inquerito\\\/#breadcrumb\",\"itemListElement\":[{\"@type\":\"ListItem\",\"position\":1,\"name\":\"Home\",\"item\":\"https:\\\/\\\/www.melialisboaoriente.com\\\/memorias-expo\\\/\"},{\"@type\":\"ListItem\",\"position\":2,\"name\":\"Inqu\u00e9rito\"}]},{\"@type\":\"WebSite\",\"@id\":\"https:\\\/\\\/www.melialisboaoriente.com\\\/memorias-expo\\\/#website\",\"url\":\"https:\\\/\\\/www.melialisboaoriente.com\\\/memorias-expo\\\/\",\"name\":\"Memoria Expo 98\",\"description\":\"by Tryp Lisboa Oriente\",\"publisher\":{\"@id\":\"https:\\\/\\\/www.melialisboaoriente.com\\\/memorias-expo\\\/#organization\"},\"potentialAction\":[{\"@type\":\"SearchAction\",\"target\":{\"@type\":\"EntryPoint\",\"urlTemplate\":\"https:\\\/\\\/www.melialisboaoriente.com\\\/memorias-expo\\\/?s={search_term_string}\"},\"query-input\":{\"@type\":\"PropertyValueSpecification\",\"valueRequired\":true,\"valueName\":\"search_term_string\"}}],\"inLanguage\":\"pt-PT\"},{\"@type\":\"Organization\",\"@id\":\"https:\\\/\\\/www.melialisboaoriente.com\\\/memorias-expo\\\/#organization\",\"name\":\"Memoria Expo 98\",\"url\":\"https:\\\/\\\/www.melialisboaoriente.com\\\/memorias-expo\\\/\",\"logo\":{\"@type\":\"ImageObject\",\"inLanguage\":\"pt-PT\",\"@id\":\"https:\\\/\\\/www.melialisboaoriente.com\\\/memorias-expo\\\/#\\\/schema\\\/logo\\\/image\\\/\",\"url\":\"https:\\\/\\\/www.melialisboaoriente.com\\\/memorias-expo\\\/wp-content\\\/uploads\\\/2023\\\/05\\\/logo_site_desktop_melia_lisboa_oriente.png\",\"contentUrl\":\"https:\\\/\\\/www.melialisboaoriente.com\\\/memorias-expo\\\/wp-content\\\/uploads\\\/2023\\\/05\\\/logo_site_desktop_melia_lisboa_oriente.png\",\"width\":193,\"height\":70,\"caption\":\"Memoria Expo 98\"},\"image\":{\"@id\":\"https:\\\/\\\/www.melialisboaoriente.com\\\/memorias-expo\\\/#\\\/schema\\\/logo\\\/image\\\/\"},\"sameAs\":[\"https:\\\/\\\/www.facebook.com\\\/TrypLisboaOriente\"]},{\"@type\":\"Person\",\"@id\":\"https:\\\/\\\/www.melialisboaoriente.com\\\/memorias-expo\\\/#\\\/schema\\\/person\\\/331310b79ea1304eebee74e33f28c0ea\",\"name\":\"Hotel Meli\u00e1 Lisboa Oriente\"}]}<\/script>\n<!-- \/ Yoast SEO plugin. -->","yoast_head_json":{"title":"Inqu\u00e9rito - Memoria Expo 98","robots":{"index":"index","follow":"follow","max-snippet":"max-snippet:-1","max-image-preview":"max-image-preview:large","max-video-preview":"max-video-preview:-1"},"canonical":"https:\/\/www.melialisboaoriente.com\/memorias-expo\/inquerito\/","og_locale":"pt_PT","og_type":"article","og_title":"Inqu\u00e9rito - Memoria Expo 98","og_description":"No final da Exposi\u00e7\u00e3o, o seman\u00e1rio Expresso revelou os dados de um inqu\u00e9rito aos portugueses sobre a Expo\u201998: &nbsp; 51,3% visitaram a Expo Pavilh\u00f5es mais apreciados: Utopia (47,2%), Ocean\u00e1rio (40%) e do Futuro (35,5%) 89,7% avaliaram a Expo\u201998 como muito boa Apenas 22,8% gostariam de viver no antigo recinto da Exposi\u00e7\u00e3o &nbsp; &nbsp;","og_url":"https:\/\/www.melialisboaoriente.com\/memorias-expo\/inquerito\/","og_site_name":"Memoria Expo 98","article_publisher":"https:\/\/www.facebook.com\/TrypLisboaOriente","article_published_time":"2015-05-27T22:16:40+00:00","article_modified_time":"2024-12-27T17:03:59+00:00","og_image":[{"width":750,"height":423,"url":"https:\/\/www.melialisboaoriente.com\/memorias-expo\/wp-content\/uploads\/2015\/05\/inquerito_composicao.jpg","type":"image\/jpeg"}],"author":"Hotel Meli\u00e1 Lisboa Oriente","twitter_card":"summary_large_image","twitter_misc":{"Escrito por":"Hotel Meli\u00e1 Lisboa Oriente","Tempo estimado de leitura":"1 minuto"},"schema":{"@context":"https:\/\/schema.org","@graph":[{"@type":"Article","@id":"https:\/\/www.melialisboaoriente.com\/memorias-expo\/inquerito\/#article","isPartOf":{"@id":"https:\/\/www.melialisboaoriente.com\/memorias-expo\/inquerito\/"},"author":{"name":"Hotel Meli\u00e1 Lisboa Oriente","@id":"https:\/\/www.melialisboaoriente.com\/memorias-expo\/#\/schema\/person\/331310b79ea1304eebee74e33f28c0ea"},"headline":"Inqu\u00e9rito","datePublished":"2015-05-27T22:16:40+00:00","dateModified":"2024-12-27T17:03:59+00:00","mainEntityOfPage":{"@id":"https:\/\/www.melialisboaoriente.com\/memorias-expo\/inquerito\/"},"wordCount":55,"publisher":{"@id":"https:\/\/www.melialisboaoriente.com\/memorias-expo\/#organization"},"image":{"@id":"https:\/\/www.melialisboaoriente.com\/memorias-expo\/inquerito\/#primaryimage"},"thumbnailUrl":"https:\/\/www.melialisboaoriente.com\/memorias-expo\/wp-content\/uploads\/2015\/05\/inquerito_composicao.jpg","articleSection":["Curiosidades"],"inLanguage":"pt-PT"},{"@type":"WebPage","@id":"https:\/\/www.melialisboaoriente.com\/memorias-expo\/inquerito\/","url":"https:\/\/www.melialisboaoriente.com\/memorias-expo\/inquerito\/","name":"Inqu\u00e9rito - Memoria Expo 98","isPartOf":{"@id":"https:\/\/www.melialisboaoriente.com\/memorias-expo\/#website"},"primaryImageOfPage":{"@id":"https:\/\/www.melialisboaoriente.com\/memorias-expo\/inquerito\/#primaryimage"},"image":{"@id":"https:\/\/www.melialisboaoriente.com\/memorias-expo\/inquerito\/#primaryimage"},"thumbnailUrl":"https:\/\/www.melialisboaoriente.com\/memorias-expo\/wp-content\/uploads\/2015\/05\/inquerito_composicao.jpg","datePublished":"2015-05-27T22:16:40+00:00","dateModified":"2024-12-27T17:03:59+00:00","breadcrumb":{"@id":"https:\/\/www.melialisboaoriente.com\/memorias-expo\/inquerito\/#breadcrumb"},"inLanguage":"pt-PT","potentialAction":[{"@type":"ReadAction","target":["https:\/\/www.melialisboaoriente.com\/memorias-expo\/inquerito\/"]}]},{"@type":"ImageObject","inLanguage":"pt-PT","@id":"https:\/\/www.melialisboaoriente.com\/memorias-expo\/inquerito\/#primaryimage","url":"https:\/\/www.melialisboaoriente.com\/memorias-expo\/wp-content\/uploads\/2015\/05\/inquerito_composicao.jpg","contentUrl":"https:\/\/www.melialisboaoriente.com\/memorias-expo\/wp-content\/uploads\/2015\/05\/inquerito_composicao.jpg","width":750,"height":423},{"@type":"BreadcrumbList","@id":"https:\/\/www.melialisboaoriente.com\/memorias-expo\/inquerito\/#breadcrumb","itemListElement":[{"@type":"ListItem","position":1,"name":"Home","item":"https:\/\/www.melialisboaoriente.com\/memorias-expo\/"},{"@type":"ListItem","position":2,"name":"Inqu\u00e9rito"}]},{"@type":"WebSite","@id":"https:\/\/www.melialisboaoriente.com\/memorias-expo\/#website","url":"https:\/\/www.melialisboaoriente.com\/memorias-expo\/","name":"Memoria Expo 98","description":"by Tryp Lisboa Oriente","publisher":{"@id":"https:\/\/www.melialisboaoriente.com\/memorias-expo\/#organization"},"potentialAction":[{"@type":"SearchAction","target":{"@type":"EntryPoint","urlTemplate":"https:\/\/www.melialisboaoriente.com\/memorias-expo\/?s={search_term_string}"},"query-input":{"@type":"PropertyValueSpecification","valueRequired":true,"valueName":"search_term_string"}}],"inLanguage":"pt-PT"},{"@type":"Organization","@id":"https:\/\/www.melialisboaoriente.com\/memorias-expo\/#organization","name":"Memoria Expo 98","url":"https:\/\/www.melialisboaoriente.com\/memorias-expo\/","logo":{"@type":"ImageObject","inLanguage":"pt-PT","@id":"https:\/\/www.melialisboaoriente.com\/memorias-expo\/#\/schema\/logo\/image\/","url":"https:\/\/www.melialisboaoriente.com\/memorias-expo\/wp-content\/uploads\/2023\/05\/logo_site_desktop_melia_lisboa_oriente.png","contentUrl":"https:\/\/www.melialisboaoriente.com\/memorias-expo\/wp-content\/uploads\/2023\/05\/logo_site_desktop_melia_lisboa_oriente.png","width":193,"height":70,"caption":"Memoria Expo 98"},"image":{"@id":"https:\/\/www.melialisboaoriente.com\/memorias-expo\/#\/schema\/logo\/image\/"},"sameAs":["https:\/\/www.facebook.com\/TrypLisboaOriente"]},{"@type":"Person","@id":"https:\/\/www.melialisboaoriente.com\/memorias-expo\/#\/schema\/person\/331310b79ea1304eebee74e33f28c0ea","name":"Hotel Meli\u00e1 Lisboa Oriente"}]}},"_links":{"self":[{"href":"https:\/\/www.melialisboaoriente.com\/memorias-expo\/wp-json\/wp\/v2\/posts\/775","targetHints":{"allow":["GET"]}}],"collection":[{"href":"https:\/\/www.melialisboaoriente.com\/memorias-expo\/wp-json\/wp\/v2\/posts"}],"about":[{"href":"https:\/\/www.melialisboaoriente.com\/memorias-expo\/wp-json\/wp\/v2\/types\/post"}],"author":[{"embeddable":true,"href":"https:\/\/www.melialisboaoriente.com\/memorias-expo\/wp-json\/wp\/v2\/users\/2"}],"replies":[{"embeddable":true,"href":"https:\/\/www.melialisboaoriente.com\/memorias-expo\/wp-json\/wp\/v2\/comments?post=775"}],"version-history":[{"count":1,"href":"https:\/\/www.melialisboaoriente.com\/memorias-expo\/wp-json\/wp\/v2\/posts\/775\/revisions"}],"predecessor-version":[{"id":1970,"href":"https:\/\/www.melialisboaoriente.com\/memorias-expo\/wp-json\/wp\/v2\/posts\/775\/revisions\/1970"}],"wp:featuredmedia":[{"embeddable":true,"href":"https:\/\/www.melialisboaoriente.com\/memorias-expo\/wp-json\/wp\/v2\/media\/1050"}],"wp:attachment":[{"href":"https:\/\/www.melialisboaoriente.com\/memorias-expo\/wp-json\/wp\/v2\/media?parent=775"}],"wp:term":[{"taxonomy":"category","embeddable":true,"href":"https:\/\/www.melialisboaoriente.com\/memorias-expo\/wp-json\/wp\/v2\/categories?post=775"},{"taxonomy":"post_tag","embeddable":true,"href":"https:\/\/www.melialisboaoriente.com\/memorias-expo\/wp-json\/wp\/v2\/tags?post=775"}],"curies":[{"name":"wp","href":"https:\/\/api.w.org\/{rel}","templated":true}]}}