{"id":830,"date":"2015-06-03T00:16:27","date_gmt":"2015-06-02T23:16:27","guid":{"rendered":"https:\/\/expo98.dev2.shareit.dev\/?p=830"},"modified":"2024-12-27T16:59:40","modified_gmt":"2024-12-27T16:59:40","slug":"abc-da-expo","status":"publish","type":"post","link":"https:\/\/www.melialisboaoriente.com\/memorias-expo\/abc-da-expo\/","title":{"rendered":"ABC da Expo"},"content":{"rendered":"\n<h3 class=\"wp-block-heading\"><strong>De manh\u00e3 \u00e0 noite <\/strong><\/h3>\n\n\n\n<p>Visitar a Expo\u201998 era partir ao encontro dos oceanos, da diversidade cultural, do mundo. E eram muitos os que repetiam a experi\u00eancia, aproveitando os 132 dias de exibi\u00e7\u00e3o para descobrir e redescobrir o evento. Na zona oriental de Lisboa fervilhavam ideias, projetos, gentes e culturas. Todos os dias eram diferentes. Mas havia rotinas e momentos que se repetiam diariamente, como as anima\u00e7\u00f5es Peregrina\u00e7\u00e3o e Acqua Matrix, que tanto agradavam aos visitantes.<\/p>\n\n\n\n<p>Saiba como era um dia tipo na Expo\u201998:<\/p>\n\n\n\n<div class=\"wp-block-essential-blocks-accordion  root-eb-accordion-tnjy4c4\"><div class=\"eb-parent-wrapper eb-parent-eb-accordion-tnjy4c4 \"><div class=\"eb-accordion-container eb-accordion-tnjy4c4\" data-accordion-type=\"accordion\" data-tab-icon=\"fas fa-plus\" data-expanded-icon=\"fas fa-minus\" data-transition-duration=\"500\"><div class=\"eb-accordion-inner\">\n<div class=\"wp-block-essential-blocks-accordion-item eb-accordion-item-lo1k63l eb-accordion-wrapper\" data-clickable=\"false\"><div class=\"eb-accordion-title-wrapper eb-accordion-title-wrapper-eb-accordion-tnjy4c4\" tabindex=\"0\"><span class=\"eb-accordion-icon-wrapper eb-accordion-icon-wrapper-eb-accordion-tnjy4c4\"><span class=\"fas fa-plus eb-accordion-icon\"><\/span><\/span><div class=\"eb-accordion-title-content-wrap title-content-eb-accordion-tnjy4c4\"><h3 class=\"eb-accordion-title\">9h00 \u2013 Abertura<\/h3><\/div><\/div><div class=\"eb-accordion-content-wrapper eb-accordion-content-wrapper-eb-accordion-tnjy4c4\"><div class=\"eb-accordion-content\">\n<p>Come\u00e7ava a venda de entradas nas bilheteiras junto das portas de acesso. Aos poucos os Olharapos apareciam pelo recinto, animando os visitantes.<\/p>\n<\/div><\/div><\/div>\n\n\n\n<div class=\"wp-block-essential-blocks-accordion-item eb-accordion-item-d3afyaq eb-accordion-wrapper\" data-clickable=\"false\"><div class=\"eb-accordion-title-wrapper eb-accordion-title-wrapper-eb-accordion-tnjy4c4\" tabindex=\"0\"><span class=\"eb-accordion-icon-wrapper eb-accordion-icon-wrapper-eb-accordion-tnjy4c4\"><span class=\"fas fa-plus eb-accordion-icon\"><\/span><\/span><div class=\"eb-accordion-title-content-wrap title-content-eb-accordion-tnjy4c4\"><h3 class=\"eb-accordion-title\">10h00 \u2013 Abertura dos pavilh\u00f5es<\/h3><\/div><\/div><div class=\"eb-accordion-content-wrapper eb-accordion-content-wrapper-eb-accordion-tnjy4c4\"><div class=\"eb-accordion-content\">\n<p>A partir desta hora os visitantes partiam \u00e0 descoberta do \u201cmundo\u201d. Mas antes j\u00e1 faziam fila nalguns pavilh\u00f5es\u2026<\/p>\n<\/div><\/div><\/div>\n\n\n\n<div class=\"wp-block-essential-blocks-accordion-item eb-accordion-item-epdxr9n eb-accordion-wrapper\" data-clickable=\"false\"><div class=\"eb-accordion-title-wrapper eb-accordion-title-wrapper-eb-accordion-tnjy4c4\" tabindex=\"0\"><span class=\"eb-accordion-icon-wrapper eb-accordion-icon-wrapper-eb-accordion-tnjy4c4\"><span class=\"fas fa-plus eb-accordion-icon\"><\/span><\/span><div class=\"eb-accordion-title-content-wrap title-content-eb-accordion-tnjy4c4\"><h3 class=\"eb-accordion-title\">11h00 \u2013 Cerim\u00f3nia oficial<\/h3><\/div><\/div><div class=\"eb-accordion-content-wrapper eb-accordion-content-wrapper-eb-accordion-tnjy4c4\"><div class=\"eb-accordion-content\">\n<p>A ent\u00e3o Pra\u00e7a Cerimonial do Pavilh\u00e3o de Portugal acolhia a cerim\u00f3nia do respectivo dia nacional ou de honra. As bandeiras eram hasteadas, tocavam-se os hinos nacionais e eram proferidos os discursos oficiais.<\/p>\n<\/div><\/div><\/div>\n\n\n\n<div class=\"wp-block-essential-blocks-accordion-item eb-accordion-item-c3csfki eb-accordion-wrapper\" data-clickable=\"false\"><div class=\"eb-accordion-title-wrapper eb-accordion-title-wrapper-eb-accordion-tnjy4c4\" tabindex=\"0\"><span class=\"eb-accordion-icon-wrapper eb-accordion-icon-wrapper-eb-accordion-tnjy4c4\"><span class=\"fas fa-plus eb-accordion-icon\"><\/span><\/span><div class=\"eb-accordion-title-content-wrap title-content-eb-accordion-tnjy4c4\"><h3 class=\"eb-accordion-title\">12h00 \u2013 Primeiro espet\u00e1culo<\/h3><\/div><\/div><div class=\"eb-accordion-content-wrapper eb-accordion-content-wrapper-eb-accordion-tnjy4c4\"><div class=\"eb-accordion-content\">\n<p>O ent\u00e3o Pavilh\u00e3o da Utopia, hoje Meo Arena, abria portas para o primeiro de quatro espet\u00e1culos: \u201cOceanos e Utopias\u201d. \u00c0s 15h00, 18h00 e 21h00 havia novas sess\u00f5es.<\/p>\n<\/div><\/div><\/div>\n\n\n\n<div class=\"wp-block-essential-blocks-accordion-item eb-accordion-item-z2ueqob eb-accordion-wrapper\" data-clickable=\"false\"><div class=\"eb-accordion-title-wrapper eb-accordion-title-wrapper-eb-accordion-tnjy4c4\" tabindex=\"0\"><span class=\"eb-accordion-icon-wrapper eb-accordion-icon-wrapper-eb-accordion-tnjy4c4\"><span class=\"fas fa-plus eb-accordion-icon\"><\/span><\/span><div class=\"eb-accordion-title-content-wrap title-content-eb-accordion-tnjy4c4\"><h3 class=\"eb-accordion-title\">13h00 \u2013 Render da guarda<\/h3><\/div><\/div><div class=\"eb-accordion-content-wrapper eb-accordion-content-wrapper-eb-accordion-tnjy4c4\"><div class=\"eb-accordion-content\">\n<p>\u00c0 hora de almo\u00e7o decorria o render da guarda dos Olharapos em frente ao ent\u00e3o Pavilh\u00e3o da Utopia.<\/p>\n<\/div><\/div><\/div>\n\n\n\n<div class=\"wp-block-essential-blocks-accordion-item eb-accordion-item-7dpi0xi eb-accordion-wrapper\" data-clickable=\"false\"><div class=\"eb-accordion-title-wrapper eb-accordion-title-wrapper-eb-accordion-tnjy4c4\" tabindex=\"0\"><span class=\"eb-accordion-icon-wrapper eb-accordion-icon-wrapper-eb-accordion-tnjy4c4\"><span class=\"fas fa-plus eb-accordion-icon\"><\/span><\/span><div class=\"eb-accordion-title-content-wrap title-content-eb-accordion-tnjy4c4\"><h3 class=\"eb-accordion-title\">17h00 \u2013 Cerim\u00f3nia oficial<\/h3><\/div><\/div><div class=\"eb-accordion-content-wrapper eb-accordion-content-wrapper-eb-accordion-tnjy4c4\"><div class=\"eb-accordion-content\">\n<p>Era o momento da cerim\u00f3nia oficial dos patrocinadores oficiais da Expo\u201998 no Ponto Cerimonial das Empresas.<\/p>\n<\/div><\/div><\/div>\n\n\n\n<div class=\"wp-block-essential-blocks-accordion-item eb-accordion-item-jvlxh5j eb-accordion-wrapper\" data-clickable=\"false\"><div class=\"eb-accordion-title-wrapper eb-accordion-title-wrapper-eb-accordion-tnjy4c4\" tabindex=\"0\"><span class=\"eb-accordion-icon-wrapper eb-accordion-icon-wrapper-eb-accordion-tnjy4c4\"><span class=\"fas fa-plus eb-accordion-icon\"><\/span><\/span><div class=\"eb-accordion-title-content-wrap title-content-eb-accordion-tnjy4c4\"><h3 class=\"eb-accordion-title\">19h30 \u2013 Peregrina\u00e7\u00e3o<\/h3><\/div><\/div><div class=\"eb-accordion-content-wrapper eb-accordion-content-wrapper-eb-accordion-tnjy4c4\"><div class=\"eb-accordion-content\">\n<p>Espet\u00e1culo \u201candante\u201d pelo recinto da Exposi\u00e7\u00e3o. Mais de 100 artistas desfilavam nas m\u00e1quinas de \u201cperegrinar\u201d em direc\u00e7\u00e3o ao rio e lan\u00e7avam nas \u00e1guas os sonhos do final do mil\u00e9nio.<\/p>\n<\/div><\/div><\/div>\n\n\n\n<div class=\"wp-block-essential-blocks-accordion-item eb-accordion-item-d2yu7dv eb-accordion-wrapper\" data-clickable=\"false\"><div class=\"eb-accordion-title-wrapper eb-accordion-title-wrapper-eb-accordion-tnjy4c4\" tabindex=\"0\"><span class=\"eb-accordion-icon-wrapper eb-accordion-icon-wrapper-eb-accordion-tnjy4c4\"><span class=\"fas fa-plus eb-accordion-icon\"><\/span><\/span><div class=\"eb-accordion-title-content-wrap title-content-eb-accordion-tnjy4c4\"><h3 class=\"eb-accordion-title\">20h00 \u2013 Encerramento dos pavilh\u00f5es<\/h3><\/div><\/div><div class=\"eb-accordion-content-wrapper eb-accordion-content-wrapper-eb-accordion-tnjy4c4\"><div class=\"eb-accordion-content\">\n<p>Com o in\u00edcio da noite, os pavilh\u00f5es fechavam portas. Os visitantes ocupavam as zonas da restaura\u00e7\u00e3o, esplanadas e lazer, ao mesmo tempo que a zona da \u201cExpo-dia\u201d era alvo de limpeza e manuten\u00e7\u00e3o.<\/p>\n<\/div><\/div><\/div>\n\n\n\n<div class=\"wp-block-essential-blocks-accordion-item eb-accordion-item-rhwxp7b eb-accordion-wrapper\" data-clickable=\"false\"><div class=\"eb-accordion-title-wrapper eb-accordion-title-wrapper-eb-accordion-tnjy4c4\" tabindex=\"0\"><span class=\"eb-accordion-icon-wrapper eb-accordion-icon-wrapper-eb-accordion-tnjy4c4\"><span class=\"fas fa-plus eb-accordion-icon\"><\/span><\/span><div class=\"eb-accordion-title-content-wrap title-content-eb-accordion-tnjy4c4\"><h3 class=\"eb-accordion-title\">20h30 \u2013 Espet\u00e1culos nocturnos<\/h3><\/div><\/div><div class=\"eb-accordion-content-wrapper eb-accordion-content-wrapper-eb-accordion-tnjy4c4\"><div class=\"eb-accordion-content\">\n<p>In\u00edcio dos espet\u00e1culos em todos os espa\u00e7os c\u00e9nicos do recinto (a programa\u00e7\u00e3o dava prioridade \u00e0s iniciativas dos dias nacionais e de honra, e era complementada por propostas da Expo\u201998).<\/p>\n<\/div><\/div><\/div>\n\n\n\n<div class=\"wp-block-essential-blocks-accordion-item eb-accordion-item-7undhd6 eb-accordion-wrapper\" data-clickable=\"false\"><div class=\"eb-accordion-title-wrapper eb-accordion-title-wrapper-eb-accordion-tnjy4c4\" tabindex=\"0\"><span class=\"eb-accordion-icon-wrapper eb-accordion-icon-wrapper-eb-accordion-tnjy4c4\"><span class=\"fas fa-plus eb-accordion-icon\"><\/span><\/span><div class=\"eb-accordion-title-content-wrap title-content-eb-accordion-tnjy4c4\"><h3 class=\"eb-accordion-title\">23h45 \u2013 Acqua Matrix<\/h3><\/div><\/div><div class=\"eb-accordion-content-wrapper eb-accordion-content-wrapper-eb-accordion-tnjy4c4\"><div class=\"eb-accordion-content\">\n<p>Para muitos era o momento mais aguardado da visita. Sons de sirene anunciavam o in\u00edcio do Acqua Matrix e todas as aten\u00e7\u00f5es viravam-se para a Doca dos Olivais. Para tal, todos os espet\u00e1culos eram suspensos durante os 15 minutos que durava este evento multim\u00e9dia.<\/p>\n<\/div><\/div><\/div>\n\n\n\n<div class=\"wp-block-essential-blocks-accordion-item eb-accordion-item-3sd9aev eb-accordion-wrapper\" data-clickable=\"false\"><div class=\"eb-accordion-title-wrapper eb-accordion-title-wrapper-eb-accordion-tnjy4c4\" tabindex=\"0\"><span class=\"eb-accordion-icon-wrapper eb-accordion-icon-wrapper-eb-accordion-tnjy4c4\"><span class=\"fas fa-plus eb-accordion-icon\"><\/span><\/span><div class=\"eb-accordion-title-content-wrap title-content-eb-accordion-tnjy4c4\"><h3 class=\"eb-accordion-title\">24h00 \u2013 M\u00fasica e mais m\u00fasica<\/h3><\/div><\/div><div class=\"eb-accordion-content-wrapper eb-accordion-content-wrapper-eb-accordion-tnjy4c4\"><div class=\"eb-accordion-content\">\n<p>Fado, jazz, ritmos latinos e africanos\u2026 A noite na Expo\u201998 era uma mescla de sonoridades.<\/p>\n<\/div><\/div><\/div>\n\n\n\n<div class=\"wp-block-essential-blocks-accordion-item eb-accordion-item-suy5azt eb-accordion-wrapper\" data-clickable=\"false\"><div class=\"eb-accordion-title-wrapper eb-accordion-title-wrapper-eb-accordion-tnjy4c4\" tabindex=\"0\"><span class=\"eb-accordion-icon-wrapper eb-accordion-icon-wrapper-eb-accordion-tnjy4c4\"><span class=\"fas fa-plus eb-accordion-icon\"><\/span><\/span><div class=\"eb-accordion-title-content-wrap title-content-eb-accordion-tnjy4c4\"><h3 class=\"eb-accordion-title\">2h30 \u2013 Fim<\/h3><\/div><\/div><div class=\"eb-accordion-content-wrapper eb-accordion-content-wrapper-eb-accordion-tnjy4c4\"><div class=\"eb-accordion-content\">\n<p>J\u00e1 noite dentro, os espet\u00e1culos terminavam.<\/p>\n<\/div><\/div><\/div>\n\n\n\n<div class=\"wp-block-essential-blocks-accordion-item eb-accordion-item-8o11tz4 eb-accordion-wrapper\" data-clickable=\"false\"><div class=\"eb-accordion-title-wrapper eb-accordion-title-wrapper-eb-accordion-tnjy4c4\" tabindex=\"0\"><span class=\"eb-accordion-icon-wrapper eb-accordion-icon-wrapper-eb-accordion-tnjy4c4\"><span class=\"fas fa-plus eb-accordion-icon\"><\/span><\/span><div class=\"eb-accordion-title-content-wrap title-content-eb-accordion-tnjy4c4\"><h3 class=\"eb-accordion-title\">3h00 \u2013 At\u00e9 \u00e0 pr\u00f3xima!<\/h3><\/div><\/div><div class=\"eb-accordion-content-wrapper eb-accordion-content-wrapper-eb-accordion-tnjy4c4\"><div class=\"eb-accordion-content\">\n<p>Hora de fecho das portas do recinto.<a href=\"https:\/\/memoriasexpo-stg.shareit.pt\/a-mascote\/\"><\/a><\/p>\n<\/div><\/div><\/div>\n<\/div><\/div><\/div><\/div>\n","protected":false},"excerpt":{"rendered":"<p>De manh\u00e3 \u00e0 noite Visitar a Expo\u201998 era partir ao encontro dos oceanos, da diversidade cultural, do mundo. E eram muitos os que repetiam a experi\u00eancia,...","protected":false},"author":2,"featured_media":871,"comment_status":"closed","ping_status":"closed","sticky":false,"template":"","format":"standard","meta":{"_eb_attr":"","footnotes":""},"categories":[12],"tags":[],"class_list":["post-830","post","type-post","status-publish","format-standard","has-post-thumbnail","hentry","category-historia-expo98-pt-pt"],"yoast_head":"<!-- This site is optimized with the Yoast SEO plugin v27.5 - https:\/\/yoast.com\/product\/yoast-seo-wordpress\/ -->\n<title>ABC da Expo - Memoria Expo 98<\/title>\n<meta name=\"robots\" content=\"index, follow, max-snippet:-1, max-image-preview:large, max-video-preview:-1\" \/>\n<link rel=\"canonical\" href=\"https:\/\/www.melialisboaoriente.com\/memorias-expo\/abc-da-expo\/\" \/>\n<meta property=\"og:locale\" content=\"pt_PT\" \/>\n<meta property=\"og:type\" content=\"article\" \/>\n<meta property=\"og:title\" content=\"ABC da Expo - Memoria Expo 98\" \/>\n<meta property=\"og:description\" content=\"De manh\u00e3 \u00e0 noite Visitar a Expo\u201998 era partir ao encontro dos oceanos, da diversidade cultural, do mundo. E eram muitos os que repetiam a experi\u00eancia, aproveitando os 132 dias de exibi\u00e7\u00e3o para descobrir e redescobrir o evento. Na zona oriental de Lisboa fervilhavam ideias, projetos, gentes e culturas. Todos os dias eram diferentes. Mas [&hellip;]\" \/>\n<meta property=\"og:url\" content=\"https:\/\/www.melialisboaoriente.com\/memorias-expo\/abc-da-expo\/\" \/>\n<meta property=\"og:site_name\" content=\"Memoria Expo 98\" \/>\n<meta property=\"article:publisher\" content=\"https:\/\/www.facebook.com\/TrypLisboaOriente\" \/>\n<meta property=\"article:published_time\" content=\"2015-06-02T23:16:27+00:00\" \/>\n<meta property=\"article:modified_time\" content=\"2024-12-27T16:59:40+00:00\" \/>\n<meta property=\"og:image\" content=\"https:\/\/www.melialisboaoriente.com\/memorias-expo\/wp-content\/uploads\/2015\/05\/Expo8670.jpg\" \/>\n\t<meta property=\"og:image:width\" content=\"1772\" \/>\n\t<meta property=\"og:image:height\" content=\"1181\" \/>\n\t<meta property=\"og:image:type\" content=\"image\/jpeg\" \/>\n<meta name=\"author\" content=\"Hotel Meli\u00e1 Lisboa Oriente\" \/>\n<meta name=\"twitter:card\" content=\"summary_large_image\" \/>\n<meta name=\"twitter:label1\" content=\"Escrito por\" \/>\n\t<meta name=\"twitter:data1\" content=\"Hotel Meli\u00e1 Lisboa Oriente\" \/>\n\t<meta name=\"twitter:label2\" content=\"Tempo estimado de leitura\" \/>\n\t<meta name=\"twitter:data2\" content=\"3 minutos\" \/>\n<script type=\"application\/ld+json\" class=\"yoast-schema-graph\">{\"@context\":\"https:\\\/\\\/schema.org\",\"@graph\":[{\"@type\":\"Article\",\"@id\":\"https:\\\/\\\/www.melialisboaoriente.com\\\/memorias-expo\\\/abc-da-expo\\\/#article\",\"isPartOf\":{\"@id\":\"https:\\\/\\\/www.melialisboaoriente.com\\\/memorias-expo\\\/abc-da-expo\\\/\"},\"author\":{\"name\":\"Hotel Meli\u00e1 Lisboa Oriente\",\"@id\":\"https:\\\/\\\/www.melialisboaoriente.com\\\/memorias-expo\\\/#\\\/schema\\\/person\\\/331310b79ea1304eebee74e33f28c0ea\"},\"headline\":\"ABC da Expo\",\"datePublished\":\"2015-06-02T23:16:27+00:00\",\"dateModified\":\"2024-12-27T16:59:40+00:00\",\"mainEntityOfPage\":{\"@id\":\"https:\\\/\\\/www.melialisboaoriente.com\\\/memorias-expo\\\/abc-da-expo\\\/\"},\"wordCount\":465,\"publisher\":{\"@id\":\"https:\\\/\\\/www.melialisboaoriente.com\\\/memorias-expo\\\/#organization\"},\"image\":{\"@id\":\"https:\\\/\\\/www.melialisboaoriente.com\\\/memorias-expo\\\/abc-da-expo\\\/#primaryimage\"},\"thumbnailUrl\":\"https:\\\/\\\/www.melialisboaoriente.com\\\/memorias-expo\\\/wp-content\\\/uploads\\\/2015\\\/05\\\/Expo8670.jpg\",\"articleSection\":[\"Hist\u00f3rias da Expo98\"],\"inLanguage\":\"pt-PT\"},{\"@type\":\"WebPage\",\"@id\":\"https:\\\/\\\/www.melialisboaoriente.com\\\/memorias-expo\\\/abc-da-expo\\\/\",\"url\":\"https:\\\/\\\/www.melialisboaoriente.com\\\/memorias-expo\\\/abc-da-expo\\\/\",\"name\":\"ABC da Expo - Memoria Expo 98\",\"isPartOf\":{\"@id\":\"https:\\\/\\\/www.melialisboaoriente.com\\\/memorias-expo\\\/#website\"},\"primaryImageOfPage\":{\"@id\":\"https:\\\/\\\/www.melialisboaoriente.com\\\/memorias-expo\\\/abc-da-expo\\\/#primaryimage\"},\"image\":{\"@id\":\"https:\\\/\\\/www.melialisboaoriente.com\\\/memorias-expo\\\/abc-da-expo\\\/#primaryimage\"},\"thumbnailUrl\":\"https:\\\/\\\/www.melialisboaoriente.com\\\/memorias-expo\\\/wp-content\\\/uploads\\\/2015\\\/05\\\/Expo8670.jpg\",\"datePublished\":\"2015-06-02T23:16:27+00:00\",\"dateModified\":\"2024-12-27T16:59:40+00:00\",\"breadcrumb\":{\"@id\":\"https:\\\/\\\/www.melialisboaoriente.com\\\/memorias-expo\\\/abc-da-expo\\\/#breadcrumb\"},\"inLanguage\":\"pt-PT\",\"potentialAction\":[{\"@type\":\"ReadAction\",\"target\":[\"https:\\\/\\\/www.melialisboaoriente.com\\\/memorias-expo\\\/abc-da-expo\\\/\"]}]},{\"@type\":\"ImageObject\",\"inLanguage\":\"pt-PT\",\"@id\":\"https:\\\/\\\/www.melialisboaoriente.com\\\/memorias-expo\\\/abc-da-expo\\\/#primaryimage\",\"url\":\"https:\\\/\\\/www.melialisboaoriente.com\\\/memorias-expo\\\/wp-content\\\/uploads\\\/2015\\\/05\\\/Expo8670.jpg\",\"contentUrl\":\"https:\\\/\\\/www.melialisboaoriente.com\\\/memorias-expo\\\/wp-content\\\/uploads\\\/2015\\\/05\\\/Expo8670.jpg\",\"width\":1772,\"height\":1181},{\"@type\":\"BreadcrumbList\",\"@id\":\"https:\\\/\\\/www.melialisboaoriente.com\\\/memorias-expo\\\/abc-da-expo\\\/#breadcrumb\",\"itemListElement\":[{\"@type\":\"ListItem\",\"position\":1,\"name\":\"Home\",\"item\":\"https:\\\/\\\/www.melialisboaoriente.com\\\/memorias-expo\\\/\"},{\"@type\":\"ListItem\",\"position\":2,\"name\":\"ABC da Expo\"}]},{\"@type\":\"WebSite\",\"@id\":\"https:\\\/\\\/www.melialisboaoriente.com\\\/memorias-expo\\\/#website\",\"url\":\"https:\\\/\\\/www.melialisboaoriente.com\\\/memorias-expo\\\/\",\"name\":\"Memoria Expo 98\",\"description\":\"by Tryp Lisboa Oriente\",\"publisher\":{\"@id\":\"https:\\\/\\\/www.melialisboaoriente.com\\\/memorias-expo\\\/#organization\"},\"potentialAction\":[{\"@type\":\"SearchAction\",\"target\":{\"@type\":\"EntryPoint\",\"urlTemplate\":\"https:\\\/\\\/www.melialisboaoriente.com\\\/memorias-expo\\\/?s={search_term_string}\"},\"query-input\":{\"@type\":\"PropertyValueSpecification\",\"valueRequired\":true,\"valueName\":\"search_term_string\"}}],\"inLanguage\":\"pt-PT\"},{\"@type\":\"Organization\",\"@id\":\"https:\\\/\\\/www.melialisboaoriente.com\\\/memorias-expo\\\/#organization\",\"name\":\"Memoria Expo 98\",\"url\":\"https:\\\/\\\/www.melialisboaoriente.com\\\/memorias-expo\\\/\",\"logo\":{\"@type\":\"ImageObject\",\"inLanguage\":\"pt-PT\",\"@id\":\"https:\\\/\\\/www.melialisboaoriente.com\\\/memorias-expo\\\/#\\\/schema\\\/logo\\\/image\\\/\",\"url\":\"https:\\\/\\\/www.melialisboaoriente.com\\\/memorias-expo\\\/wp-content\\\/uploads\\\/2023\\\/05\\\/logo_site_desktop_melia_lisboa_oriente.png\",\"contentUrl\":\"https:\\\/\\\/www.melialisboaoriente.com\\\/memorias-expo\\\/wp-content\\\/uploads\\\/2023\\\/05\\\/logo_site_desktop_melia_lisboa_oriente.png\",\"width\":193,\"height\":70,\"caption\":\"Memoria Expo 98\"},\"image\":{\"@id\":\"https:\\\/\\\/www.melialisboaoriente.com\\\/memorias-expo\\\/#\\\/schema\\\/logo\\\/image\\\/\"},\"sameAs\":[\"https:\\\/\\\/www.facebook.com\\\/TrypLisboaOriente\"]},{\"@type\":\"Person\",\"@id\":\"https:\\\/\\\/www.melialisboaoriente.com\\\/memorias-expo\\\/#\\\/schema\\\/person\\\/331310b79ea1304eebee74e33f28c0ea\",\"name\":\"Hotel Meli\u00e1 Lisboa Oriente\"}]}<\/script>\n<!-- \/ Yoast SEO plugin. -->","yoast_head_json":{"title":"ABC da Expo - Memoria Expo 98","robots":{"index":"index","follow":"follow","max-snippet":"max-snippet:-1","max-image-preview":"max-image-preview:large","max-video-preview":"max-video-preview:-1"},"canonical":"https:\/\/www.melialisboaoriente.com\/memorias-expo\/abc-da-expo\/","og_locale":"pt_PT","og_type":"article","og_title":"ABC da Expo - Memoria Expo 98","og_description":"De manh\u00e3 \u00e0 noite Visitar a Expo\u201998 era partir ao encontro dos oceanos, da diversidade cultural, do mundo. E eram muitos os que repetiam a experi\u00eancia, aproveitando os 132 dias de exibi\u00e7\u00e3o para descobrir e redescobrir o evento. Na zona oriental de Lisboa fervilhavam ideias, projetos, gentes e culturas. Todos os dias eram diferentes. Mas [&hellip;]","og_url":"https:\/\/www.melialisboaoriente.com\/memorias-expo\/abc-da-expo\/","og_site_name":"Memoria Expo 98","article_publisher":"https:\/\/www.facebook.com\/TrypLisboaOriente","article_published_time":"2015-06-02T23:16:27+00:00","article_modified_time":"2024-12-27T16:59:40+00:00","og_image":[{"width":1772,"height":1181,"url":"https:\/\/www.melialisboaoriente.com\/memorias-expo\/wp-content\/uploads\/2015\/05\/Expo8670.jpg","type":"image\/jpeg"}],"author":"Hotel Meli\u00e1 Lisboa Oriente","twitter_card":"summary_large_image","twitter_misc":{"Escrito por":"Hotel Meli\u00e1 Lisboa Oriente","Tempo estimado de leitura":"3 minutos"},"schema":{"@context":"https:\/\/schema.org","@graph":[{"@type":"Article","@id":"https:\/\/www.melialisboaoriente.com\/memorias-expo\/abc-da-expo\/#article","isPartOf":{"@id":"https:\/\/www.melialisboaoriente.com\/memorias-expo\/abc-da-expo\/"},"author":{"name":"Hotel Meli\u00e1 Lisboa Oriente","@id":"https:\/\/www.melialisboaoriente.com\/memorias-expo\/#\/schema\/person\/331310b79ea1304eebee74e33f28c0ea"},"headline":"ABC da Expo","datePublished":"2015-06-02T23:16:27+00:00","dateModified":"2024-12-27T16:59:40+00:00","mainEntityOfPage":{"@id":"https:\/\/www.melialisboaoriente.com\/memorias-expo\/abc-da-expo\/"},"wordCount":465,"publisher":{"@id":"https:\/\/www.melialisboaoriente.com\/memorias-expo\/#organization"},"image":{"@id":"https:\/\/www.melialisboaoriente.com\/memorias-expo\/abc-da-expo\/#primaryimage"},"thumbnailUrl":"https:\/\/www.melialisboaoriente.com\/memorias-expo\/wp-content\/uploads\/2015\/05\/Expo8670.jpg","articleSection":["Hist\u00f3rias da Expo98"],"inLanguage":"pt-PT"},{"@type":"WebPage","@id":"https:\/\/www.melialisboaoriente.com\/memorias-expo\/abc-da-expo\/","url":"https:\/\/www.melialisboaoriente.com\/memorias-expo\/abc-da-expo\/","name":"ABC da Expo - Memoria Expo 98","isPartOf":{"@id":"https:\/\/www.melialisboaoriente.com\/memorias-expo\/#website"},"primaryImageOfPage":{"@id":"https:\/\/www.melialisboaoriente.com\/memorias-expo\/abc-da-expo\/#primaryimage"},"image":{"@id":"https:\/\/www.melialisboaoriente.com\/memorias-expo\/abc-da-expo\/#primaryimage"},"thumbnailUrl":"https:\/\/www.melialisboaoriente.com\/memorias-expo\/wp-content\/uploads\/2015\/05\/Expo8670.jpg","datePublished":"2015-06-02T23:16:27+00:00","dateModified":"2024-12-27T16:59:40+00:00","breadcrumb":{"@id":"https:\/\/www.melialisboaoriente.com\/memorias-expo\/abc-da-expo\/#breadcrumb"},"inLanguage":"pt-PT","potentialAction":[{"@type":"ReadAction","target":["https:\/\/www.melialisboaoriente.com\/memorias-expo\/abc-da-expo\/"]}]},{"@type":"ImageObject","inLanguage":"pt-PT","@id":"https:\/\/www.melialisboaoriente.com\/memorias-expo\/abc-da-expo\/#primaryimage","url":"https:\/\/www.melialisboaoriente.com\/memorias-expo\/wp-content\/uploads\/2015\/05\/Expo8670.jpg","contentUrl":"https:\/\/www.melialisboaoriente.com\/memorias-expo\/wp-content\/uploads\/2015\/05\/Expo8670.jpg","width":1772,"height":1181},{"@type":"BreadcrumbList","@id":"https:\/\/www.melialisboaoriente.com\/memorias-expo\/abc-da-expo\/#breadcrumb","itemListElement":[{"@type":"ListItem","position":1,"name":"Home","item":"https:\/\/www.melialisboaoriente.com\/memorias-expo\/"},{"@type":"ListItem","position":2,"name":"ABC da Expo"}]},{"@type":"WebSite","@id":"https:\/\/www.melialisboaoriente.com\/memorias-expo\/#website","url":"https:\/\/www.melialisboaoriente.com\/memorias-expo\/","name":"Memoria Expo 98","description":"by Tryp Lisboa Oriente","publisher":{"@id":"https:\/\/www.melialisboaoriente.com\/memorias-expo\/#organization"},"potentialAction":[{"@type":"SearchAction","target":{"@type":"EntryPoint","urlTemplate":"https:\/\/www.melialisboaoriente.com\/memorias-expo\/?s={search_term_string}"},"query-input":{"@type":"PropertyValueSpecification","valueRequired":true,"valueName":"search_term_string"}}],"inLanguage":"pt-PT"},{"@type":"Organization","@id":"https:\/\/www.melialisboaoriente.com\/memorias-expo\/#organization","name":"Memoria Expo 98","url":"https:\/\/www.melialisboaoriente.com\/memorias-expo\/","logo":{"@type":"ImageObject","inLanguage":"pt-PT","@id":"https:\/\/www.melialisboaoriente.com\/memorias-expo\/#\/schema\/logo\/image\/","url":"https:\/\/www.melialisboaoriente.com\/memorias-expo\/wp-content\/uploads\/2023\/05\/logo_site_desktop_melia_lisboa_oriente.png","contentUrl":"https:\/\/www.melialisboaoriente.com\/memorias-expo\/wp-content\/uploads\/2023\/05\/logo_site_desktop_melia_lisboa_oriente.png","width":193,"height":70,"caption":"Memoria Expo 98"},"image":{"@id":"https:\/\/www.melialisboaoriente.com\/memorias-expo\/#\/schema\/logo\/image\/"},"sameAs":["https:\/\/www.facebook.com\/TrypLisboaOriente"]},{"@type":"Person","@id":"https:\/\/www.melialisboaoriente.com\/memorias-expo\/#\/schema\/person\/331310b79ea1304eebee74e33f28c0ea","name":"Hotel Meli\u00e1 Lisboa Oriente"}]}},"_links":{"self":[{"href":"https:\/\/www.melialisboaoriente.com\/memorias-expo\/wp-json\/wp\/v2\/posts\/830","targetHints":{"allow":["GET"]}}],"collection":[{"href":"https:\/\/www.melialisboaoriente.com\/memorias-expo\/wp-json\/wp\/v2\/posts"}],"about":[{"href":"https:\/\/www.melialisboaoriente.com\/memorias-expo\/wp-json\/wp\/v2\/types\/post"}],"author":[{"embeddable":true,"href":"https:\/\/www.melialisboaoriente.com\/memorias-expo\/wp-json\/wp\/v2\/users\/2"}],"replies":[{"embeddable":true,"href":"https:\/\/www.melialisboaoriente.com\/memorias-expo\/wp-json\/wp\/v2\/comments?post=830"}],"version-history":[{"count":4,"href":"https:\/\/www.melialisboaoriente.com\/memorias-expo\/wp-json\/wp\/v2\/posts\/830\/revisions"}],"predecessor-version":[{"id":1939,"href":"https:\/\/www.melialisboaoriente.com\/memorias-expo\/wp-json\/wp\/v2\/posts\/830\/revisions\/1939"}],"wp:featuredmedia":[{"embeddable":true,"href":"https:\/\/www.melialisboaoriente.com\/memorias-expo\/wp-json\/wp\/v2\/media\/871"}],"wp:attachment":[{"href":"https:\/\/www.melialisboaoriente.com\/memorias-expo\/wp-json\/wp\/v2\/media?parent=830"}],"wp:term":[{"taxonomy":"category","embeddable":true,"href":"https:\/\/www.melialisboaoriente.com\/memorias-expo\/wp-json\/wp\/v2\/categories?post=830"},{"taxonomy":"post_tag","embeddable":true,"href":"https:\/\/www.melialisboaoriente.com\/memorias-expo\/wp-json\/wp\/v2\/tags?post=830"}],"curies":[{"name":"wp","href":"https:\/\/api.w.org\/{rel}","templated":true}]}}