{"id":930,"date":"2015-06-02T20:36:51","date_gmt":"2015-06-02T19:36:51","guid":{"rendered":"https:\/\/expo98.dev2.shareit.dev\/?p=930"},"modified":"2024-12-27T17:02:07","modified_gmt":"2024-12-27T17:02:07","slug":"ponte-vasco-da-gama","status":"publish","type":"post","link":"https:\/\/www.melialisboaoriente.com\/memorias-expo\/ponte-vasco-da-gama\/","title":{"rendered":"Ponte Vasco da Gama"},"content":{"rendered":"\n<p><strong>Eleg\u00e2ncia sobre o rio<\/strong><\/p>\n\n\n\n<p>A 29 de mar\u00e7o de 1998, dois meses antes da abertura da Expo&#8217;98, foi inaugurada a ent\u00e3o maior ponte da Europa: a Ponte Vasco da Gama, com 17,2 Km no total, dos quais 12,3 Km s\u00e3o em tabuleiros suspensos. Uma das maiores obras p\u00fablicas realizadas em Portugal, come\u00e7ou a ser edificada em julho de 1995, depois de quase tr\u00eas anos de planeamento. Nessa fase 25 t\u00e9cnicos de quatro empresas criaram mais de 9.000 desenhos da ponte, planeada at\u00e9 ao mais \u00ednfimo pormenor.<\/p>\n\n\n\n<p>Ao ligar Sacav\u00e9m ao Montijo por cima do Mar da Palha, esta obra esteve envolvida em pol\u00e9mica devido ao impacto ambiental que teria no habitat de v\u00e1rias esp\u00e9cies, algumas protegidas. Foram tomadas v\u00e1rias medidas, entre as quais barreiras ac\u00fasticas e monitoriza\u00e7\u00e3o do comportamento dos animais.<\/p>\n\n\n\n<p>Distinguida com o Pr\u00e9mio da Bienal Ibero-Americana de Arquitetura e engenharia em 2000, a Ponte Vasco da Gama surpreende pela beleza e proximidade ao rio, a uma altura m\u00ednima de oito metros. O tro\u00e7o mais marcante \u00e9 o do tabuleiro suspenso por tirantes. Quanto ao tra\u00e7ado curvo da ponte, assim desenhado para atravessar os poss\u00edveis trajetos de grandes embarca\u00e7\u00f5es torna a ponte ainda mais atrativa, oferecendo uma panor\u00e2mica para quem a atravessa, mas tamb\u00e9m para quem a contempla.<\/p>\n","protected":false},"excerpt":{"rendered":"<p>Eleg\u00e2ncia sobre o rio A 29 de mar\u00e7o de 1998, dois meses antes da abertura da Expo&#8217;98, foi inaugurada a ent\u00e3o maior ponte da Europa: a Ponte...","protected":false},"author":2,"featured_media":722,"comment_status":"closed","ping_status":"closed","sticky":false,"template":"","format":"gallery","meta":{"_eb_attr":"","footnotes":""},"categories":[13,32],"tags":[21],"class_list":["post-930","post","type-post","status-publish","format-gallery","has-post-thumbnail","hentry","category-arquitectura-pt-pt","category-media","tag-fotos","post_format-post-format-gallery"],"yoast_head":"<!-- This site is optimized with the Yoast SEO plugin v27.5 - https:\/\/yoast.com\/product\/yoast-seo-wordpress\/ -->\n<title>Ponte Vasco da Gama - Memoria Expo 98<\/title>\n<meta name=\"robots\" content=\"index, follow, max-snippet:-1, max-image-preview:large, max-video-preview:-1\" \/>\n<link rel=\"canonical\" href=\"https:\/\/www.melialisboaoriente.com\/memorias-expo\/ponte-vasco-da-gama\/\" \/>\n<meta property=\"og:locale\" content=\"pt_PT\" \/>\n<meta property=\"og:type\" content=\"article\" \/>\n<meta property=\"og:title\" content=\"Ponte Vasco da Gama - Memoria Expo 98\" \/>\n<meta property=\"og:description\" content=\"Eleg\u00e2ncia sobre o rio A 29 de mar\u00e7o de 1998, dois meses antes da abertura da Expo&#8217;98, foi inaugurada a ent\u00e3o maior ponte da Europa: a Ponte Vasco da Gama, com 17,2 Km no total, dos quais 12,3 Km s\u00e3o em tabuleiros suspensos. Uma das maiores obras p\u00fablicas realizadas em Portugal, come\u00e7ou a ser edificada [&hellip;]\" \/>\n<meta property=\"og:url\" content=\"https:\/\/www.melialisboaoriente.com\/memorias-expo\/ponte-vasco-da-gama\/\" \/>\n<meta property=\"og:site_name\" content=\"Memoria Expo 98\" \/>\n<meta property=\"article:publisher\" content=\"https:\/\/www.facebook.com\/TrypLisboaOriente\" \/>\n<meta property=\"article:published_time\" content=\"2015-06-02T19:36:51+00:00\" \/>\n<meta property=\"article:modified_time\" content=\"2024-12-27T17:02:07+00:00\" \/>\n<meta property=\"og:image\" content=\"https:\/\/www.melialisboaoriente.com\/memorias-expo\/wp-content\/uploads\/2015\/05\/Pre13397.jpg\" \/>\n\t<meta property=\"og:image:width\" content=\"1772\" \/>\n\t<meta property=\"og:image:height\" content=\"1122\" \/>\n\t<meta property=\"og:image:type\" content=\"image\/jpeg\" \/>\n<meta name=\"author\" content=\"Hotel Meli\u00e1 Lisboa Oriente\" \/>\n<meta name=\"twitter:card\" content=\"summary_large_image\" \/>\n<meta name=\"twitter:label1\" content=\"Escrito por\" \/>\n\t<meta name=\"twitter:data1\" content=\"Hotel Meli\u00e1 Lisboa Oriente\" \/>\n\t<meta name=\"twitter:label2\" content=\"Tempo estimado de leitura\" \/>\n\t<meta name=\"twitter:data2\" content=\"2 minutos\" \/>\n<script type=\"application\/ld+json\" class=\"yoast-schema-graph\">{\"@context\":\"https:\\\/\\\/schema.org\",\"@graph\":[{\"@type\":\"Article\",\"@id\":\"https:\\\/\\\/www.melialisboaoriente.com\\\/memorias-expo\\\/ponte-vasco-da-gama\\\/#article\",\"isPartOf\":{\"@id\":\"https:\\\/\\\/www.melialisboaoriente.com\\\/memorias-expo\\\/ponte-vasco-da-gama\\\/\"},\"author\":{\"name\":\"Hotel Meli\u00e1 Lisboa Oriente\",\"@id\":\"https:\\\/\\\/www.melialisboaoriente.com\\\/memorias-expo\\\/#\\\/schema\\\/person\\\/331310b79ea1304eebee74e33f28c0ea\"},\"headline\":\"Ponte Vasco da Gama\",\"datePublished\":\"2015-06-02T19:36:51+00:00\",\"dateModified\":\"2024-12-27T17:02:07+00:00\",\"mainEntityOfPage\":{\"@id\":\"https:\\\/\\\/www.melialisboaoriente.com\\\/memorias-expo\\\/ponte-vasco-da-gama\\\/\"},\"wordCount\":227,\"publisher\":{\"@id\":\"https:\\\/\\\/www.melialisboaoriente.com\\\/memorias-expo\\\/#organization\"},\"image\":{\"@id\":\"https:\\\/\\\/www.melialisboaoriente.com\\\/memorias-expo\\\/ponte-vasco-da-gama\\\/#primaryimage\"},\"thumbnailUrl\":\"https:\\\/\\\/www.melialisboaoriente.com\\\/memorias-expo\\\/wp-content\\\/uploads\\\/2015\\\/05\\\/Pre13397.jpg\",\"keywords\":[\"Fotos\"],\"articleSection\":[\"Arquitetura\",\"Media\"],\"inLanguage\":\"pt-PT\"},{\"@type\":\"WebPage\",\"@id\":\"https:\\\/\\\/www.melialisboaoriente.com\\\/memorias-expo\\\/ponte-vasco-da-gama\\\/\",\"url\":\"https:\\\/\\\/www.melialisboaoriente.com\\\/memorias-expo\\\/ponte-vasco-da-gama\\\/\",\"name\":\"Ponte Vasco da Gama - Memoria Expo 98\",\"isPartOf\":{\"@id\":\"https:\\\/\\\/www.melialisboaoriente.com\\\/memorias-expo\\\/#website\"},\"primaryImageOfPage\":{\"@id\":\"https:\\\/\\\/www.melialisboaoriente.com\\\/memorias-expo\\\/ponte-vasco-da-gama\\\/#primaryimage\"},\"image\":{\"@id\":\"https:\\\/\\\/www.melialisboaoriente.com\\\/memorias-expo\\\/ponte-vasco-da-gama\\\/#primaryimage\"},\"thumbnailUrl\":\"https:\\\/\\\/www.melialisboaoriente.com\\\/memorias-expo\\\/wp-content\\\/uploads\\\/2015\\\/05\\\/Pre13397.jpg\",\"datePublished\":\"2015-06-02T19:36:51+00:00\",\"dateModified\":\"2024-12-27T17:02:07+00:00\",\"breadcrumb\":{\"@id\":\"https:\\\/\\\/www.melialisboaoriente.com\\\/memorias-expo\\\/ponte-vasco-da-gama\\\/#breadcrumb\"},\"inLanguage\":\"pt-PT\",\"potentialAction\":[{\"@type\":\"ReadAction\",\"target\":[\"https:\\\/\\\/www.melialisboaoriente.com\\\/memorias-expo\\\/ponte-vasco-da-gama\\\/\"]}]},{\"@type\":\"ImageObject\",\"inLanguage\":\"pt-PT\",\"@id\":\"https:\\\/\\\/www.melialisboaoriente.com\\\/memorias-expo\\\/ponte-vasco-da-gama\\\/#primaryimage\",\"url\":\"https:\\\/\\\/www.melialisboaoriente.com\\\/memorias-expo\\\/wp-content\\\/uploads\\\/2015\\\/05\\\/Pre13397.jpg\",\"contentUrl\":\"https:\\\/\\\/www.melialisboaoriente.com\\\/memorias-expo\\\/wp-content\\\/uploads\\\/2015\\\/05\\\/Pre13397.jpg\",\"width\":1772,\"height\":1122},{\"@type\":\"BreadcrumbList\",\"@id\":\"https:\\\/\\\/www.melialisboaoriente.com\\\/memorias-expo\\\/ponte-vasco-da-gama\\\/#breadcrumb\",\"itemListElement\":[{\"@type\":\"ListItem\",\"position\":1,\"name\":\"Home\",\"item\":\"https:\\\/\\\/www.melialisboaoriente.com\\\/memorias-expo\\\/\"},{\"@type\":\"ListItem\",\"position\":2,\"name\":\"Ponte Vasco da Gama\"}]},{\"@type\":\"WebSite\",\"@id\":\"https:\\\/\\\/www.melialisboaoriente.com\\\/memorias-expo\\\/#website\",\"url\":\"https:\\\/\\\/www.melialisboaoriente.com\\\/memorias-expo\\\/\",\"name\":\"Memoria Expo 98\",\"description\":\"by Tryp Lisboa Oriente\",\"publisher\":{\"@id\":\"https:\\\/\\\/www.melialisboaoriente.com\\\/memorias-expo\\\/#organization\"},\"potentialAction\":[{\"@type\":\"SearchAction\",\"target\":{\"@type\":\"EntryPoint\",\"urlTemplate\":\"https:\\\/\\\/www.melialisboaoriente.com\\\/memorias-expo\\\/?s={search_term_string}\"},\"query-input\":{\"@type\":\"PropertyValueSpecification\",\"valueRequired\":true,\"valueName\":\"search_term_string\"}}],\"inLanguage\":\"pt-PT\"},{\"@type\":\"Organization\",\"@id\":\"https:\\\/\\\/www.melialisboaoriente.com\\\/memorias-expo\\\/#organization\",\"name\":\"Memoria Expo 98\",\"url\":\"https:\\\/\\\/www.melialisboaoriente.com\\\/memorias-expo\\\/\",\"logo\":{\"@type\":\"ImageObject\",\"inLanguage\":\"pt-PT\",\"@id\":\"https:\\\/\\\/www.melialisboaoriente.com\\\/memorias-expo\\\/#\\\/schema\\\/logo\\\/image\\\/\",\"url\":\"https:\\\/\\\/www.melialisboaoriente.com\\\/memorias-expo\\\/wp-content\\\/uploads\\\/2023\\\/05\\\/logo_site_desktop_melia_lisboa_oriente.png\",\"contentUrl\":\"https:\\\/\\\/www.melialisboaoriente.com\\\/memorias-expo\\\/wp-content\\\/uploads\\\/2023\\\/05\\\/logo_site_desktop_melia_lisboa_oriente.png\",\"width\":193,\"height\":70,\"caption\":\"Memoria Expo 98\"},\"image\":{\"@id\":\"https:\\\/\\\/www.melialisboaoriente.com\\\/memorias-expo\\\/#\\\/schema\\\/logo\\\/image\\\/\"},\"sameAs\":[\"https:\\\/\\\/www.facebook.com\\\/TrypLisboaOriente\"]},{\"@type\":\"Person\",\"@id\":\"https:\\\/\\\/www.melialisboaoriente.com\\\/memorias-expo\\\/#\\\/schema\\\/person\\\/331310b79ea1304eebee74e33f28c0ea\",\"name\":\"Hotel Meli\u00e1 Lisboa Oriente\"}]}<\/script>\n<!-- \/ Yoast SEO plugin. -->","yoast_head_json":{"title":"Ponte Vasco da Gama - Memoria Expo 98","robots":{"index":"index","follow":"follow","max-snippet":"max-snippet:-1","max-image-preview":"max-image-preview:large","max-video-preview":"max-video-preview:-1"},"canonical":"https:\/\/www.melialisboaoriente.com\/memorias-expo\/ponte-vasco-da-gama\/","og_locale":"pt_PT","og_type":"article","og_title":"Ponte Vasco da Gama - Memoria Expo 98","og_description":"Eleg\u00e2ncia sobre o rio A 29 de mar\u00e7o de 1998, dois meses antes da abertura da Expo&#8217;98, foi inaugurada a ent\u00e3o maior ponte da Europa: a Ponte Vasco da Gama, com 17,2 Km no total, dos quais 12,3 Km s\u00e3o em tabuleiros suspensos. Uma das maiores obras p\u00fablicas realizadas em Portugal, come\u00e7ou a ser edificada [&hellip;]","og_url":"https:\/\/www.melialisboaoriente.com\/memorias-expo\/ponte-vasco-da-gama\/","og_site_name":"Memoria Expo 98","article_publisher":"https:\/\/www.facebook.com\/TrypLisboaOriente","article_published_time":"2015-06-02T19:36:51+00:00","article_modified_time":"2024-12-27T17:02:07+00:00","og_image":[{"width":1772,"height":1122,"url":"https:\/\/www.melialisboaoriente.com\/memorias-expo\/wp-content\/uploads\/2015\/05\/Pre13397.jpg","type":"image\/jpeg"}],"author":"Hotel Meli\u00e1 Lisboa Oriente","twitter_card":"summary_large_image","twitter_misc":{"Escrito por":"Hotel Meli\u00e1 Lisboa Oriente","Tempo estimado de leitura":"2 minutos"},"schema":{"@context":"https:\/\/schema.org","@graph":[{"@type":"Article","@id":"https:\/\/www.melialisboaoriente.com\/memorias-expo\/ponte-vasco-da-gama\/#article","isPartOf":{"@id":"https:\/\/www.melialisboaoriente.com\/memorias-expo\/ponte-vasco-da-gama\/"},"author":{"name":"Hotel Meli\u00e1 Lisboa Oriente","@id":"https:\/\/www.melialisboaoriente.com\/memorias-expo\/#\/schema\/person\/331310b79ea1304eebee74e33f28c0ea"},"headline":"Ponte Vasco da Gama","datePublished":"2015-06-02T19:36:51+00:00","dateModified":"2024-12-27T17:02:07+00:00","mainEntityOfPage":{"@id":"https:\/\/www.melialisboaoriente.com\/memorias-expo\/ponte-vasco-da-gama\/"},"wordCount":227,"publisher":{"@id":"https:\/\/www.melialisboaoriente.com\/memorias-expo\/#organization"},"image":{"@id":"https:\/\/www.melialisboaoriente.com\/memorias-expo\/ponte-vasco-da-gama\/#primaryimage"},"thumbnailUrl":"https:\/\/www.melialisboaoriente.com\/memorias-expo\/wp-content\/uploads\/2015\/05\/Pre13397.jpg","keywords":["Fotos"],"articleSection":["Arquitetura","Media"],"inLanguage":"pt-PT"},{"@type":"WebPage","@id":"https:\/\/www.melialisboaoriente.com\/memorias-expo\/ponte-vasco-da-gama\/","url":"https:\/\/www.melialisboaoriente.com\/memorias-expo\/ponte-vasco-da-gama\/","name":"Ponte Vasco da Gama - Memoria Expo 98","isPartOf":{"@id":"https:\/\/www.melialisboaoriente.com\/memorias-expo\/#website"},"primaryImageOfPage":{"@id":"https:\/\/www.melialisboaoriente.com\/memorias-expo\/ponte-vasco-da-gama\/#primaryimage"},"image":{"@id":"https:\/\/www.melialisboaoriente.com\/memorias-expo\/ponte-vasco-da-gama\/#primaryimage"},"thumbnailUrl":"https:\/\/www.melialisboaoriente.com\/memorias-expo\/wp-content\/uploads\/2015\/05\/Pre13397.jpg","datePublished":"2015-06-02T19:36:51+00:00","dateModified":"2024-12-27T17:02:07+00:00","breadcrumb":{"@id":"https:\/\/www.melialisboaoriente.com\/memorias-expo\/ponte-vasco-da-gama\/#breadcrumb"},"inLanguage":"pt-PT","potentialAction":[{"@type":"ReadAction","target":["https:\/\/www.melialisboaoriente.com\/memorias-expo\/ponte-vasco-da-gama\/"]}]},{"@type":"ImageObject","inLanguage":"pt-PT","@id":"https:\/\/www.melialisboaoriente.com\/memorias-expo\/ponte-vasco-da-gama\/#primaryimage","url":"https:\/\/www.melialisboaoriente.com\/memorias-expo\/wp-content\/uploads\/2015\/05\/Pre13397.jpg","contentUrl":"https:\/\/www.melialisboaoriente.com\/memorias-expo\/wp-content\/uploads\/2015\/05\/Pre13397.jpg","width":1772,"height":1122},{"@type":"BreadcrumbList","@id":"https:\/\/www.melialisboaoriente.com\/memorias-expo\/ponte-vasco-da-gama\/#breadcrumb","itemListElement":[{"@type":"ListItem","position":1,"name":"Home","item":"https:\/\/www.melialisboaoriente.com\/memorias-expo\/"},{"@type":"ListItem","position":2,"name":"Ponte Vasco da Gama"}]},{"@type":"WebSite","@id":"https:\/\/www.melialisboaoriente.com\/memorias-expo\/#website","url":"https:\/\/www.melialisboaoriente.com\/memorias-expo\/","name":"Memoria Expo 98","description":"by Tryp Lisboa Oriente","publisher":{"@id":"https:\/\/www.melialisboaoriente.com\/memorias-expo\/#organization"},"potentialAction":[{"@type":"SearchAction","target":{"@type":"EntryPoint","urlTemplate":"https:\/\/www.melialisboaoriente.com\/memorias-expo\/?s={search_term_string}"},"query-input":{"@type":"PropertyValueSpecification","valueRequired":true,"valueName":"search_term_string"}}],"inLanguage":"pt-PT"},{"@type":"Organization","@id":"https:\/\/www.melialisboaoriente.com\/memorias-expo\/#organization","name":"Memoria Expo 98","url":"https:\/\/www.melialisboaoriente.com\/memorias-expo\/","logo":{"@type":"ImageObject","inLanguage":"pt-PT","@id":"https:\/\/www.melialisboaoriente.com\/memorias-expo\/#\/schema\/logo\/image\/","url":"https:\/\/www.melialisboaoriente.com\/memorias-expo\/wp-content\/uploads\/2023\/05\/logo_site_desktop_melia_lisboa_oriente.png","contentUrl":"https:\/\/www.melialisboaoriente.com\/memorias-expo\/wp-content\/uploads\/2023\/05\/logo_site_desktop_melia_lisboa_oriente.png","width":193,"height":70,"caption":"Memoria Expo 98"},"image":{"@id":"https:\/\/www.melialisboaoriente.com\/memorias-expo\/#\/schema\/logo\/image\/"},"sameAs":["https:\/\/www.facebook.com\/TrypLisboaOriente"]},{"@type":"Person","@id":"https:\/\/www.melialisboaoriente.com\/memorias-expo\/#\/schema\/person\/331310b79ea1304eebee74e33f28c0ea","name":"Hotel Meli\u00e1 Lisboa Oriente"}]}},"_links":{"self":[{"href":"https:\/\/www.melialisboaoriente.com\/memorias-expo\/wp-json\/wp\/v2\/posts\/930","targetHints":{"allow":["GET"]}}],"collection":[{"href":"https:\/\/www.melialisboaoriente.com\/memorias-expo\/wp-json\/wp\/v2\/posts"}],"about":[{"href":"https:\/\/www.melialisboaoriente.com\/memorias-expo\/wp-json\/wp\/v2\/types\/post"}],"author":[{"embeddable":true,"href":"https:\/\/www.melialisboaoriente.com\/memorias-expo\/wp-json\/wp\/v2\/users\/2"}],"replies":[{"embeddable":true,"href":"https:\/\/www.melialisboaoriente.com\/memorias-expo\/wp-json\/wp\/v2\/comments?post=930"}],"version-history":[{"count":3,"href":"https:\/\/www.melialisboaoriente.com\/memorias-expo\/wp-json\/wp\/v2\/posts\/930\/revisions"}],"predecessor-version":[{"id":1952,"href":"https:\/\/www.melialisboaoriente.com\/memorias-expo\/wp-json\/wp\/v2\/posts\/930\/revisions\/1952"}],"wp:featuredmedia":[{"embeddable":true,"href":"https:\/\/www.melialisboaoriente.com\/memorias-expo\/wp-json\/wp\/v2\/media\/722"}],"wp:attachment":[{"href":"https:\/\/www.melialisboaoriente.com\/memorias-expo\/wp-json\/wp\/v2\/media?parent=930"}],"wp:term":[{"taxonomy":"category","embeddable":true,"href":"https:\/\/www.melialisboaoriente.com\/memorias-expo\/wp-json\/wp\/v2\/categories?post=930"},{"taxonomy":"post_tag","embeddable":true,"href":"https:\/\/www.melialisboaoriente.com\/memorias-expo\/wp-json\/wp\/v2\/tags?post=930"}],"curies":[{"name":"wp","href":"https:\/\/api.w.org\/{rel}","templated":true}]}}